{"id":9200,"date":"2023-08-09T19:28:27","date_gmt":"2023-08-09T22:28:27","guid":{"rendered":"https:\/\/www.ifbaiano.edu.br\/unidades\/valenca\/?p=9200"},"modified":"2023-08-24T10:40:20","modified_gmt":"2023-08-24T13:40:20","slug":"convocacao-para-a-renovacao-de-matricula-2023-1-cursos-integrados-na-modalidade-presencial","status":"publish","type":"post","link":"https:\/\/www.ifbaiano.edu.br\/unidades\/valenca\/2023\/08\/09\/convocacao-para-a-renovacao-de-matricula-2023-1-cursos-integrados-na-modalidade-presencial\/","title":{"rendered":"Convoca\u00e7\u00e3o para a renova\u00e7\u00e3o de matr\u00edcula 2023.1 &#8211; Cursos integrados na modalidade presencial"},"content":{"rendered":"\n<p>A Secretaria de Registros Acad\u00eamicos do IF Baiano \u2013&nbsp;<em>Campus&nbsp;<\/em>Valen\u00e7a convoca todos os discentes dos cursos integrados na modalidade presencial para a renova\u00e7\u00e3o da matr\u00edcula para o ano\/semestre letivo de 2023.1. <\/p>\n\n\n\n<p>Para os estudantes que ir\u00e3o&nbsp;renovar a matricula para as turmas de 2\u00ba e 3\u00ba anos, o processo ser\u00e1&nbsp;atrav\u00e9s do<strong> <\/strong><a rel=\"noreferrer noopener\" href=\"https:\/\/suap.ifbaiano.edu.br\/\" target=\"_blank\">Sistema Unificado de Administra\u00e7\u00e3o P\u00fablica &#8211; SUAP<\/a>, conforme orienta\u00e7\u00e3o no Anexo I do Edital, no&nbsp;<strong>per\u00edodo de 10 a&nbsp;17 de agosto&nbsp;de 2023<\/strong>. <br>J\u00e1 para os estudantes que ir\u00e3o&nbsp;renovar a matr\u00edcula para o 1\u00ba ano, ser\u00e1 necess\u00e1rio&nbsp;comparecer \u00e0 Dire\u00e7\u00e3o Acad\u00eamica,&nbsp;junto com seu respons\u00e1vel legal, no&nbsp;<strong>dia&nbsp;15 de agosto&nbsp;de 2023, das 8 \u00e0s 17 horas<\/strong>.&nbsp;<\/p>\n\n\n\n<p>Aqueles que apresentam alguma pend\u00eancia com os setores CAE e Biblioteca&nbsp;dever\u00e3o regularizar antes de efetivarem a matr\u00edcula.&nbsp;<\/p>\n\n\n\n<p>Para mais detalhes, confira o <a href=\"https:\/\/www.ifbaiano.edu.br\/unidades\/valenca\/files\/2023\/08\/Edital-no-09-2023-renovacao-de-matricula.pdf\"><strong>edital<\/strong><\/a>. <\/p>\n\n\n\n<div id=\"ProreitoriaTopoTitulo\">\n\t\t\t\t\tEditais e Documentos\n\t\t\t\t<\/div>\n\n\n\n<div class=\"wp-block-file\"><a id=\"wp-block-file--media-bdab3fdd-1a5b-423f-836d-ae93e7e7932d\" href=\"https:\/\/www.ifbaiano.edu.br\/unidades\/valenca\/files\/2023\/08\/Errata-Edital-de-renovacao-de-matricula.pdf\">Errata &#8211; Edital n\u00ba 09\/2023<\/a><\/div>\n\n\n\n<div class=\"wp-block-file\"><a id=\"wp-block-file--media-9536eb24-d064-48e2-8c4a-db3816f08e73\" href=\"https:\/\/www.ifbaiano.edu.br\/unidades\/valenca\/files\/2023\/08\/Edital-no-09-2023-renovacao-de-matricula.pdf\">Edital n\u00ba 09\/2023<\/a><\/div>\n","protected":false},"excerpt":{"rendered":"<p>A Secretaria de Registros Acad\u00eamicos do IF Baiano \u2013&nbsp;Campus&nbsp;Valen\u00e7a convoca todos os discentes dos cursos integrados na modalidade presencial para a renova\u00e7\u00e3o da matr\u00edcula para o ano\/semestre letivo de 2023.1. Para os estudantes que ir\u00e3o&nbsp;renovar a matricula para as turmas de 2\u00ba e 3\u00ba anos, o processo ser\u00e1&nbsp;atrav\u00e9s do Sistema Unificado de Administra\u00e7\u00e3o P\u00fablica &#8211; [&hellip;]<\/p>\n","protected":false},"author":146,"featured_media":7601,"comment_status":"open","ping_status":"open","sticky":false,"template":"","format":"standard","meta":[],"categories":[5,63],"tags":[132],"_links":{"self":[{"href":"https:\/\/www.ifbaiano.edu.br\/unidades\/valenca\/wp-json\/wp\/v2\/posts\/9200"}],"collection":[{"href":"https:\/\/www.ifbaiano.edu.br\/unidades\/valenca\/wp-json\/wp\/v2\/posts"}],"about":[{"href":"https:\/\/www.ifbaiano.edu.br\/unidades\/valenca\/wp-json\/wp\/v2\/types\/post"}],"author":[{"embeddable":true,"href":"https:\/\/www.ifbaiano.edu.br\/unidades\/valenca\/wp-json\/wp\/v2\/users\/146"}],"replies":[{"embeddable":true,"href":"https:\/\/www.ifbaiano.edu.br\/unidades\/valenca\/wp-json\/wp\/v2\/comments?post=9200"}],"version-history":[{"count":5,"href":"https:\/\/www.ifbaiano.edu.br\/unidades\/valenca\/wp-json\/wp\/v2\/posts\/9200\/revisions"}],"predecessor-version":[{"id":9245,"href":"https:\/\/www.ifbaiano.edu.br\/unidades\/valenca\/wp-json\/wp\/v2\/posts\/9200\/revisions\/9245"}],"wp:featuredmedia":[{"embeddable":true,"href":"https:\/\/www.ifbaiano.edu.br\/unidades\/valenca\/wp-json\/wp\/v2\/media\/7601"}],"wp:attachment":[{"href":"https:\/\/www.ifbaiano.edu.br\/unidades\/valenca\/wp-json\/wp\/v2\/media?parent=9200"}],"wp:term":[{"taxonomy":"category","embeddable":true,"href":"https:\/\/www.ifbaiano.edu.br\/unidades\/valenca\/wp-json\/wp\/v2\/categories?post=9200"},{"taxonomy":"post_tag","embeddable":true,"href":"https:\/\/www.ifbaiano.edu.br\/unidades\/valenca\/wp-json\/wp\/v2\/tags?post=9200"}],"curies":[{"name":"wp","href":"https:\/\/api.w.org\/{rel}","templated":true}]}}