{"id":9206,"date":"2023-08-11T20:16:50","date_gmt":"2023-08-11T23:16:50","guid":{"rendered":"https:\/\/www.ifbaiano.edu.br\/unidades\/valenca\/?p=9206"},"modified":"2023-08-21T08:47:16","modified_gmt":"2023-08-21T11:47:16","slug":"campus-valenca-abre-selecao-para-preencher-vagas-ociosas-em-curso-de-graduacao","status":"publish","type":"post","link":"https:\/\/www.ifbaiano.edu.br\/unidades\/valenca\/2023\/08\/11\/campus-valenca-abre-selecao-para-preencher-vagas-ociosas-em-curso-de-graduacao\/","title":{"rendered":"Campus Valen\u00e7a abre sele\u00e7\u00e3o para preencher vagas ociosas em curso de gradua\u00e7\u00e3o"},"content":{"rendered":"\n<p><em>Inscri\u00e7\u00f5es no per\u00edodo de 15 a&nbsp;23 de agosto&nbsp;de 2023<\/em><\/p>\n\n\n\n<p>O Diretor-Geral do Instituto Federal de Educa\u00e7\u00e3o, Ci\u00eancia e Tecnologia Baiano, <em>Campu<\/em>s Valen\u00e7a torna p\u00fablico o presente <a href=\"https:\/\/www.ifbaiano.edu.br\/unidades\/valenca\/files\/2023\/08\/Edital-no-08-vagas-ociosas-em-curso-de-graduacao.pdf\">edital<\/a> para preenchimento de vagas ociosas no curso de Licenciatura em Ci\u00eancias Biol\u00f3gicas para ingresso no semestre 2023.1. <\/p>\n\n\n\n<p>As vagas poder\u00e3o ser preenchidas por Transfer\u00eancia Interna ou Externa, por Reop\u00e7\u00e3o de Curso, por Portador de Diploma de Educa\u00e7\u00e3o Superior em \u00e1reas afins, oriundos de Institui\u00e7\u00f5es de Ensino Superior, de acordo com a Organiza\u00e7\u00e3o Did\u00e1tica dos Cursos da Educa\u00e7\u00e3o Superior do Instituto Federal de Educa\u00e7\u00e3o, Ci\u00eancia e Tecnologia Baiano (IF Baiano), conforme Resolu\u00e7\u00e3o n\u00b0 64 do Conselho Superior\/IF Baiano, de 31 de mar\u00e7o de 2020.<\/p>\n\n\n\n<p>Os interessados nas oportunidades precisam se inscrever<em> <\/em>enviando a documenta\u00e7\u00e3o exigida no t\u00f3pico 4.3 do&nbsp;edital, devidamente assinada e digitalizada, para o e-mail <a href=\"mailto:cbio.licenciatura@valenca.ifbaiano.edu.br\">cbio.licenciatura@valenca.ifbaiano.edu.br<\/a>. <br>As inscri\u00e7\u00f5es s\u00e3o gratuitas e devem ser feitas no per\u00edodo de 15 a&nbsp;23 de agosto&nbsp;de 2<em>023<\/em>. <\/p>\n\n\n\n<p>Confira o <strong><a href=\"https:\/\/www.ifbaiano.edu.br\/unidades\/valenca\/files\/2023\/08\/Edital-no-08-vagas-ociosas-em-curso-de-graduacao.pdf\">edital<\/a> <\/strong>para mais detalhes e acompanhe as atualiza\u00e7\u00f5es sobre a sele\u00e7\u00e3o na&nbsp;<strong><a href=\"https:\/\/concurso.ifbaiano.edu.br\/portal\/vagas-ociosas-graduacao-valenca-agosto-2023\/\" target=\"_blank\" rel=\"noreferrer noopener\">p\u00e1gina do certame<\/a><\/strong>. <\/p>\n","protected":false},"excerpt":{"rendered":"<p>Inscri\u00e7\u00f5es no per\u00edodo de 15 a&nbsp;23 de agosto&nbsp;de 2023 O Diretor-Geral do Instituto Federal de Educa\u00e7\u00e3o, Ci\u00eancia e Tecnologia Baiano, Campus Valen\u00e7a torna p\u00fablico o presente edital para preenchimento de vagas ociosas no curso de Licenciatura em Ci\u00eancias Biol\u00f3gicas para ingresso no semestre 2023.1. As vagas poder\u00e3o ser preenchidas por Transfer\u00eancia Interna ou Externa, por [&hellip;]<\/p>\n","protected":false},"author":146,"featured_media":9221,"comment_status":"open","ping_status":"open","sticky":false,"template":"","format":"standard","meta":[],"categories":[12,5,32,63],"tags":[125,83],"_links":{"self":[{"href":"https:\/\/www.ifbaiano.edu.br\/unidades\/valenca\/wp-json\/wp\/v2\/posts\/9206"}],"collection":[{"href":"https:\/\/www.ifbaiano.edu.br\/unidades\/valenca\/wp-json\/wp\/v2\/posts"}],"about":[{"href":"https:\/\/www.ifbaiano.edu.br\/unidades\/valenca\/wp-json\/wp\/v2\/types\/post"}],"author":[{"embeddable":true,"href":"https:\/\/www.ifbaiano.edu.br\/unidades\/valenca\/wp-json\/wp\/v2\/users\/146"}],"replies":[{"embeddable":true,"href":"https:\/\/www.ifbaiano.edu.br\/unidades\/valenca\/wp-json\/wp\/v2\/comments?post=9206"}],"version-history":[{"count":4,"href":"https:\/\/www.ifbaiano.edu.br\/unidades\/valenca\/wp-json\/wp\/v2\/posts\/9206\/revisions"}],"predecessor-version":[{"id":9213,"href":"https:\/\/www.ifbaiano.edu.br\/unidades\/valenca\/wp-json\/wp\/v2\/posts\/9206\/revisions\/9213"}],"wp:featuredmedia":[{"embeddable":true,"href":"https:\/\/www.ifbaiano.edu.br\/unidades\/valenca\/wp-json\/wp\/v2\/media\/9221"}],"wp:attachment":[{"href":"https:\/\/www.ifbaiano.edu.br\/unidades\/valenca\/wp-json\/wp\/v2\/media?parent=9206"}],"wp:term":[{"taxonomy":"category","embeddable":true,"href":"https:\/\/www.ifbaiano.edu.br\/unidades\/valenca\/wp-json\/wp\/v2\/categories?post=9206"},{"taxonomy":"post_tag","embeddable":true,"href":"https:\/\/www.ifbaiano.edu.br\/unidades\/valenca\/wp-json\/wp\/v2\/tags?post=9206"}],"curies":[{"name":"wp","href":"https:\/\/api.w.org\/{rel}","templated":true}]}}