{"id":925,"date":"2011-10-27T12:27:47","date_gmt":"2011-10-27T12:27:47","guid":{"rendered":"http:\/\/www.ifbaiano.edu.br\/unidades\/valenca\/?p=925"},"modified":"2011-10-27T12:32:17","modified_gmt":"2011-10-27T12:32:17","slug":"campus-valenca-retorna-as-aulas-apos-87-dias-de-greve","status":"publish","type":"post","link":"https:\/\/www.ifbaiano.edu.br\/unidades\/valenca\/2011\/10\/27\/campus-valenca-retorna-as-aulas-apos-87-dias-de-greve\/","title":{"rendered":"Campus Valen\u00e7a retorna \u00e0s aulas ap\u00f3s 87 dias de greve"},"content":{"rendered":"<p align=\"JUSTIFY\"><span style=\"color: #000000\">O Campus Valen\u00e7a, assim como demais <\/span><span style=\"color: #000000\"><em>campi<\/em><\/span><span style=\"color: #000000\"> dos IF&#8217;s, retoma suas atividades <\/span><span style=\"color: #000000\"><strong>nesta segunda-feira<\/strong><\/span><span style=\"color: #000000\"><strong>(31\/10)<\/strong><\/span><span style=\"color: #000000\">, ap\u00f3s a suspens\u00e3o da greve dos servidores<\/span><span style=\"color: #000000\">, que durou 87 dias<\/span><span style=\"color: #000000\">. <\/span><\/p>\n<p align=\"JUSTIFY\"><span style=\"color: #000000\">A paralisa\u00e7\u00e3o foi suspensa ap\u00f3s assembleia nacional no \u00faltimo dia 22\/10. A categoria aceitou suspender a greve mediante o compromisso do governo em abrir negocia\u00e7\u00e3o sobre os pontos da pauta de reivindica\u00e7\u00f5es.<\/span><\/p>\n<p align=\"JUSTIFY\"><span style=\"color: #000000\">Pais professores e dire\u00e7\u00e3o j\u00e1 estiveram reunidos (25\/10) no <em>campus<\/em> e est\u00e3o juntos novamente nesta quinta (27\/10) para discutirem quest\u00f5es pertinentes ao processo.<\/span><\/p>\n<p><span style=\"color: #000000\">O calend\u00e1rio de reposi\u00e7\u00e3o de aulas deve ser divulgado para os alunos ainda na primeira semana. <\/span><\/p>\n<p>&nbsp;<\/p>\n","protected":false},"excerpt":{"rendered":"<p>O Campus Valen\u00e7a, assim como demais campi dos IF&#8217;s, retoma suas atividades nesta segunda-feira(31\/10), ap\u00f3s a suspens\u00e3o da greve dos servidores, que durou 87 dias. A paralisa\u00e7\u00e3o foi suspensa ap\u00f3s assembleia nacional no \u00faltimo dia 22\/10. A categoria aceitou suspender a greve mediante o compromisso do governo em abrir negocia\u00e7\u00e3o sobre os pontos da pauta [&hellip;]<\/p>\n","protected":false},"author":6,"featured_media":0,"comment_status":"open","ping_status":"open","sticky":false,"template":"","format":"standard","meta":[],"categories":[5,24],"tags":[],"_links":{"self":[{"href":"https:\/\/www.ifbaiano.edu.br\/unidades\/valenca\/wp-json\/wp\/v2\/posts\/925"}],"collection":[{"href":"https:\/\/www.ifbaiano.edu.br\/unidades\/valenca\/wp-json\/wp\/v2\/posts"}],"about":[{"href":"https:\/\/www.ifbaiano.edu.br\/unidades\/valenca\/wp-json\/wp\/v2\/types\/post"}],"author":[{"embeddable":true,"href":"https:\/\/www.ifbaiano.edu.br\/unidades\/valenca\/wp-json\/wp\/v2\/users\/6"}],"replies":[{"embeddable":true,"href":"https:\/\/www.ifbaiano.edu.br\/unidades\/valenca\/wp-json\/wp\/v2\/comments?post=925"}],"version-history":[{"count":3,"href":"https:\/\/www.ifbaiano.edu.br\/unidades\/valenca\/wp-json\/wp\/v2\/posts\/925\/revisions"}],"predecessor-version":[{"id":927,"href":"https:\/\/www.ifbaiano.edu.br\/unidades\/valenca\/wp-json\/wp\/v2\/posts\/925\/revisions\/927"}],"wp:attachment":[{"href":"https:\/\/www.ifbaiano.edu.br\/unidades\/valenca\/wp-json\/wp\/v2\/media?parent=925"}],"wp:term":[{"taxonomy":"category","embeddable":true,"href":"https:\/\/www.ifbaiano.edu.br\/unidades\/valenca\/wp-json\/wp\/v2\/categories?post=925"},{"taxonomy":"post_tag","embeddable":true,"href":"https:\/\/www.ifbaiano.edu.br\/unidades\/valenca\/wp-json\/wp\/v2\/tags?post=925"}],"curies":[{"name":"wp","href":"https:\/\/api.w.org\/{rel}","templated":true}]}}