{"id":9255,"date":"2023-08-24T10:11:10","date_gmt":"2023-08-24T13:11:10","guid":{"rendered":"https:\/\/www.ifbaiano.edu.br\/unidades\/valenca\/?p=9255"},"modified":"2023-08-24T10:11:10","modified_gmt":"2023-08-24T13:11:10","slug":"campus-valenca-abre-selecao-para-preenchimento-de-vagas-remanescentes-em-curso-tecnico","status":"publish","type":"post","link":"https:\/\/www.ifbaiano.edu.br\/unidades\/valenca\/2023\/08\/24\/campus-valenca-abre-selecao-para-preenchimento-de-vagas-remanescentes-em-curso-tecnico\/","title":{"rendered":"Campus Valen\u00e7a abre sele\u00e7\u00e3o para preenchimento de vagas remanescentes em curso t\u00e9cnico"},"content":{"rendered":"\n<p><em>As inscri\u00e7\u00f5es s\u00e3o gratuitas e podem ser feitas at\u00e9 o dia 08 de setembro, na Secretaria do Campus<\/em><\/p>\n\n\n\n<p>O IF Baiano Campus Valen\u00e7a torna p\u00fablica a abertura de inscri\u00e7\u00f5es para selecionar candidatos interessados em ocupar as vagas remanescentes do processo para ingresso de estudantes em 2023.1 (regido pelo <a href=\"https:\/\/concurso.ifbaiano.edu.br\/portal\/ingresso-subsequente-valenca-maio-2023\/wp-content\/uploads\/sites\/811\/2023\/05\/Edital-Subsequente-Meio-Ambiente-2023.1_Valenca.pdf\">edital n\u00ba 06<\/a>), nos cursos da Educa\u00e7\u00e3o Profissional T\u00e9cnica de N\u00edvel M\u00e9dio, na forma Subsequente ao Ensino M\u00e9dio &#8211; na modalidade Presencial. S\u00e3o 15 vagas ofertadas para o curso T\u00e9cnico em Meio Ambiente, no per\u00edodo noturno.<\/p>\n\n\n\n<p>O curso \u00e9 gratuito, sem taxas de mensalidade nem de matr\u00edcula. Para ingressar, os candidatos devem atender a alguns requisitos, tais como ter conclu\u00eddo o Ensino M\u00e9dio (3\u00ba ano) at\u00e9 o ato da matr\u00edcula e apresentar a documenta\u00e7\u00e3o exigida conforme descrito no edital. O crit\u00e9rio de sele\u00e7\u00e3o \u00e9 a ordem de manifesta\u00e7\u00e3o de interesse (ordem de chegada) nas vagas.<\/p>\n\n\n\n<p>As inscri\u00e7\u00f5es podem ser feitas no per\u00edodo de 28 de agosto a 8 setembro de 2023, na Secretaria do<em> Campus<\/em> \u2013 localizado na rua Glic\u00e9rio Tavares, S\/N, Bate Quente, Valen\u00e7a-BA, CEP: 45400-000 \u2013 por meio de preenchimento e entrega do formul\u00e1rio dispon\u00edvel no ANEXO I, junto com a documenta\u00e7\u00e3o exigida neste edital. <\/p>\n\n\n\n<p>D\u00favidas sobre o processo seletivo dever\u00e3o ser encaminhadas para o e-mail <a href=\"mailto:prosel.valenca@ifbaiano.edu.br\">prosel.valenca@ifbaiano.edu.br<\/a>.<\/p>\n\n\n\n<p>Consulte o\u00a0<strong><a href=\"https:\/\/www.ifbaiano.edu.br\/unidades\/valenca\/files\/2023\/08\/Edital-de-Vagas-Remanescentes-Sub-Meio-Ambiente-2023.1.pdf\">edital<\/a><\/strong>\u00a0para mais informa\u00e7\u00f5es e acompanhe todas as etapas na <strong><a href=\"https:\/\/concurso.ifbaiano.edu.br\/portal\/vagas-subsequente-valenca-agosto-2023\/\">p\u00e1gina\u00a0da sele\u00e7\u00e3o<\/a><\/strong>.<\/p>\n","protected":false},"excerpt":{"rendered":"<p>As inscri\u00e7\u00f5es s\u00e3o gratuitas e podem ser feitas at\u00e9 o dia 08 de setembro, na Secretaria do Campus O IF Baiano Campus Valen\u00e7a torna p\u00fablica a abertura de inscri\u00e7\u00f5es para selecionar candidatos interessados em ocupar as vagas remanescentes do processo para ingresso de estudantes em 2023.1 (regido pelo edital n\u00ba 06), nos cursos da Educa\u00e7\u00e3o [&hellip;]<\/p>\n","protected":false},"author":146,"featured_media":9258,"comment_status":"open","ping_status":"open","sticky":false,"template":"","format":"standard","meta":[],"categories":[60,13,5,35,30,9,32,63],"tags":[95,80,219],"_links":{"self":[{"href":"https:\/\/www.ifbaiano.edu.br\/unidades\/valenca\/wp-json\/wp\/v2\/posts\/9255"}],"collection":[{"href":"https:\/\/www.ifbaiano.edu.br\/unidades\/valenca\/wp-json\/wp\/v2\/posts"}],"about":[{"href":"https:\/\/www.ifbaiano.edu.br\/unidades\/valenca\/wp-json\/wp\/v2\/types\/post"}],"author":[{"embeddable":true,"href":"https:\/\/www.ifbaiano.edu.br\/unidades\/valenca\/wp-json\/wp\/v2\/users\/146"}],"replies":[{"embeddable":true,"href":"https:\/\/www.ifbaiano.edu.br\/unidades\/valenca\/wp-json\/wp\/v2\/comments?post=9255"}],"version-history":[{"count":8,"href":"https:\/\/www.ifbaiano.edu.br\/unidades\/valenca\/wp-json\/wp\/v2\/posts\/9255\/revisions"}],"predecessor-version":[{"id":9266,"href":"https:\/\/www.ifbaiano.edu.br\/unidades\/valenca\/wp-json\/wp\/v2\/posts\/9255\/revisions\/9266"}],"wp:featuredmedia":[{"embeddable":true,"href":"https:\/\/www.ifbaiano.edu.br\/unidades\/valenca\/wp-json\/wp\/v2\/media\/9258"}],"wp:attachment":[{"href":"https:\/\/www.ifbaiano.edu.br\/unidades\/valenca\/wp-json\/wp\/v2\/media?parent=9255"}],"wp:term":[{"taxonomy":"category","embeddable":true,"href":"https:\/\/www.ifbaiano.edu.br\/unidades\/valenca\/wp-json\/wp\/v2\/categories?post=9255"},{"taxonomy":"post_tag","embeddable":true,"href":"https:\/\/www.ifbaiano.edu.br\/unidades\/valenca\/wp-json\/wp\/v2\/tags?post=9255"}],"curies":[{"name":"wp","href":"https:\/\/api.w.org\/{rel}","templated":true}]}}