{"id":9273,"date":"2023-08-25T12:50:28","date_gmt":"2023-08-25T15:50:28","guid":{"rendered":"https:\/\/www.ifbaiano.edu.br\/unidades\/valenca\/?p=9273"},"modified":"2023-08-25T12:50:30","modified_gmt":"2023-08-25T15:50:30","slug":"convocacao-para-a-renovacao-de-matricula-2023-1-cursos-subsequentes","status":"publish","type":"post","link":"https:\/\/www.ifbaiano.edu.br\/unidades\/valenca\/2023\/08\/25\/convocacao-para-a-renovacao-de-matricula-2023-1-cursos-subsequentes\/","title":{"rendered":"Convoca\u00e7\u00e3o para a renova\u00e7\u00e3o de matr\u00edcula 2023.1 &#8211; Cursos Subsequentes"},"content":{"rendered":"\n<p>A Secretaria de Registros Acad\u00eamicos do IF Baiano \u2013\u00a0<em>Campus\u00a0<\/em>Valen\u00e7a convoca todos os discentes dos <strong>cursos Subsequentes<\/strong> (t\u00e9cnico em Agropecu\u00e1ria e t\u00e9cnico em Meio Ambiente) para a renova\u00e7\u00e3o de matr\u00edcula para o per\u00edodo letivo de 2023.1.  <\/p>\n\n\n\n<p>A renova\u00e7\u00e3o ser\u00e1 realizada presencialmente na Secretaria do <em>Campus<\/em> <strong>nos dias 28 e\u00a029 de agosto\u00a0de 2023, das 8 as 12, das 13 as 17 e das 19 as 21 horas.<\/strong> Todos(as) os(as) discentes que v\u00e3o manter v\u00ednculo nos respectivos cursos, inclusive aqueles que est\u00e3o com matr\u00edcula trancada e\/ou em depend\u00eancia (componente curricular e\/ou est\u00e1gio) devem realizar a renova\u00e7\u00e3o de matr\u00edcula. A n\u00e3o realiza\u00e7\u00e3o, no prazo estabelecido neste <a href=\"https:\/\/www.ifbaiano.edu.br\/unidades\/valenca\/files\/2023\/08\/Edital-de-Renovacao-de-Matricula-Subsequente-2023.1.pdf\">edital<\/a>, sem justificativa legal, poder\u00e1 caracterizar uma das formas de abandono do curso e poder\u00e1 implicar no cancelamento da matr\u00edcula, nos termos dos Art. 66 da Organiza\u00e7\u00e3o Did\u00e1tica dos Cursos da Educa\u00e7\u00e3o Profissional T\u00e9cnica de N\u00edvel M\u00e9dio do IF Baiano.<\/p>\n\n\n\n<p>Aqueles que apresentam alguma pend\u00eancia com os setores CAE e Biblioteca\u00a0dever\u00e3o regularizar antes de efetivarem a matr\u00edcula.\u00a0<\/p>\n\n\n\n<p>Para mais detalhes, confira o\u00a0<strong><a href=\"https:\/\/www.ifbaiano.edu.br\/unidades\/valenca\/files\/2023\/08\/Edital-de-Renovacao-de-Matricula-Subsequente-2023.1.pdf\">edital<\/a><\/strong>.<\/p>\n\n\n\n<div id=\"ProreitoriaTopoTitulo\">\n\t\t\t\t\tEditais e Documentos\n\t\t\t\t<\/div>\n\n\n\n\n<div class=\"wp-block-file\"><a id=\"wp-block-file--media-eac3033a-7ded-49e1-b099-7512caa516e3\" href=\"https:\/\/www.ifbaiano.edu.br\/unidades\/valenca\/files\/2023\/08\/Edital-de-Renovacao-de-Matricula-Subsequente-2023.1.pdf\">Edital n\u00ba 11 &#8211; Renova\u00e7\u00e3o de matricula subsequente 2023.1<\/a><\/div>\n","protected":false},"excerpt":{"rendered":"<p>A Secretaria de Registros Acad\u00eamicos do IF Baiano \u2013\u00a0Campus\u00a0Valen\u00e7a convoca todos os discentes dos cursos Subsequentes (t\u00e9cnico em Agropecu\u00e1ria e t\u00e9cnico em Meio Ambiente) para a renova\u00e7\u00e3o de matr\u00edcula para o per\u00edodo letivo de 2023.1. A renova\u00e7\u00e3o ser\u00e1 realizada presencialmente na Secretaria do Campus nos dias 28 e\u00a029 de agosto\u00a0de 2023, das 8 as 12, [&hellip;]<\/p>\n","protected":false},"author":146,"featured_media":7601,"comment_status":"open","ping_status":"open","sticky":false,"template":"","format":"standard","meta":[],"categories":[13,5,63],"tags":[118,132,72],"_links":{"self":[{"href":"https:\/\/www.ifbaiano.edu.br\/unidades\/valenca\/wp-json\/wp\/v2\/posts\/9273"}],"collection":[{"href":"https:\/\/www.ifbaiano.edu.br\/unidades\/valenca\/wp-json\/wp\/v2\/posts"}],"about":[{"href":"https:\/\/www.ifbaiano.edu.br\/unidades\/valenca\/wp-json\/wp\/v2\/types\/post"}],"author":[{"embeddable":true,"href":"https:\/\/www.ifbaiano.edu.br\/unidades\/valenca\/wp-json\/wp\/v2\/users\/146"}],"replies":[{"embeddable":true,"href":"https:\/\/www.ifbaiano.edu.br\/unidades\/valenca\/wp-json\/wp\/v2\/comments?post=9273"}],"version-history":[{"count":4,"href":"https:\/\/www.ifbaiano.edu.br\/unidades\/valenca\/wp-json\/wp\/v2\/posts\/9273\/revisions"}],"predecessor-version":[{"id":9278,"href":"https:\/\/www.ifbaiano.edu.br\/unidades\/valenca\/wp-json\/wp\/v2\/posts\/9273\/revisions\/9278"}],"wp:featuredmedia":[{"embeddable":true,"href":"https:\/\/www.ifbaiano.edu.br\/unidades\/valenca\/wp-json\/wp\/v2\/media\/7601"}],"wp:attachment":[{"href":"https:\/\/www.ifbaiano.edu.br\/unidades\/valenca\/wp-json\/wp\/v2\/media?parent=9273"}],"wp:term":[{"taxonomy":"category","embeddable":true,"href":"https:\/\/www.ifbaiano.edu.br\/unidades\/valenca\/wp-json\/wp\/v2\/categories?post=9273"},{"taxonomy":"post_tag","embeddable":true,"href":"https:\/\/www.ifbaiano.edu.br\/unidades\/valenca\/wp-json\/wp\/v2\/tags?post=9273"}],"curies":[{"name":"wp","href":"https:\/\/api.w.org\/{rel}","templated":true}]}}