{"id":9287,"date":"2023-08-29T15:16:01","date_gmt":"2023-08-29T18:16:01","guid":{"rendered":"https:\/\/www.ifbaiano.edu.br\/unidades\/valenca\/?p=9287"},"modified":"2023-08-29T15:16:01","modified_gmt":"2023-08-29T18:16:01","slug":"comissao-de-revisao-da-politica-de-diversidade-e-inclusao-visita-as-unidades-veja-o-cronograma","status":"publish","type":"post","link":"https:\/\/www.ifbaiano.edu.br\/unidades\/valenca\/2023\/08\/29\/comissao-de-revisao-da-politica-de-diversidade-e-inclusao-visita-as-unidades-veja-o-cronograma\/","title":{"rendered":"Comiss\u00e3o de Revis\u00e3o da Pol\u00edtica de Diversidade e Inclus\u00e3o visita as unidades: veja o cronograma!"},"content":{"rendered":"\n<p>O IF Baiano est\u00e1 revisando sua Pol\u00edtica de Diversidade e Inclus\u00e3o. Para isso, a comunidade do Instituto tem um papel fundamental na constru\u00e7\u00e3o desse documento t\u00e3o importante para a oferta de ensino p\u00fablico, gratuito, de qualidade e socialmente referenciado.<\/p>\n\n\n\n<p>Para conscientizar a comunidade sobre a import\u00e2ncia do documento e convid\u00e1-la a contribuir com sua constru\u00e7\u00e3o coletiva, a Comiss\u00e3o de Revis\u00e3o da Pol\u00edtica de Diversidade e Inclus\u00e3o vai promover encontros em todos os 14 campi e na Reitoria do IF Baiano.<br><br>Temas como quest\u00f5es de g\u00eanero, racismo, acessibilidade, inclus\u00e3o, pol\u00edticas afirmativas, bancas de heteroidentifica\u00e7\u00e3o s\u00e3o pontos a serem discutidos com a comunidade para reformula\u00e7\u00e3o e atualiza\u00e7\u00e3o da Pol\u00edtica de Diversidade.<\/p>\n\n\n\n<p><strong>Veja as datas das visitas da comiss\u00e3o aos campi:<\/strong><\/p>\n\n\n\n<figure class=\"wp-block-table\"><table><tbody><tr><td><strong>Unidade<\/strong><\/td><td><strong>Apresenta\u00e7\u00e3o\/debate<\/strong><\/td><td><strong>Representante da Comiss\u00e3o<\/strong><\/td><\/tr><tr><td>Bom Jesus da Lapa<\/td><td>29\/08 (noturno) e 30\/08<br>(manh\u00e3 com alunos e tarde com servidores)<\/td><td>Luciana Mazzutti<\/td><\/tr><tr><td>Valen\u00e7a<\/td><td>30\/08, 10h<\/td><td>Iara Colina<\/td><\/tr><tr><td>Reitoria<\/td><td>04\/09, 9h30<\/td><td>Iara Colina e Rafaela Magalh\u00e3es<\/td><\/tr><tr><td>Catu<\/td><td>06\/09, 13h30<\/td><td>Rafaela Magalh\u00e3es<\/td><\/tr><tr><td>Governador Mangabeira<\/td><td>13\/09, 13h e 19h<\/td><td>Iara Colina<\/td><\/tr><tr><td>Santa In\u00eas<\/td><td>20\/09, 15h30 e 19h<\/td><td>Luciana Mazzutti<\/td><\/tr><tr><td>Xique-Xique<\/td><td>20\/09<\/td><td>Carla Machado\/Su\u00eade Santos<\/td><\/tr><tr><td>Senhor do Bonfim<\/td><td>20\/09, 14h e 19h<\/td><td>Iara Colina<\/td><\/tr><tr><td>Itaberaba<\/td><td>20\/09, 14h<\/td><td>Eliane Mahl<\/td><\/tr><tr><td>Uru\u00e7uca<\/td><td>27\/09<\/td><td>Eva Oliveira<\/td><\/tr><tr><td>Itapetinga<\/td><td>28\/09, 9h<\/td><td>Eva Oliveira<\/td><\/tr><tr><td>Alagoinhas<\/td><td>27\/09<\/td><td>Carla Machado\/Su\u00eade Santos<\/td><\/tr><tr><td>Guanambi<\/td><td>25\/09 (noturno) e 26\/09(manh\u00e3)<\/td><td>Rafaela Magalh\u00e3es<\/td><\/tr><tr><td>Teixeira de Freitas<\/td><td>27\/09<\/td><td>Luciana Mazzutti<\/td><\/tr><tr><td>Serrinha<\/td><td>26\/09, 20h, e 27\/09, 08h<\/td><td>Eliane Mahl<\/td><\/tr><\/tbody><\/table><\/figure>\n\n\n\n<hr class=\"wp-block-separator has-alpha-channel-opacity\" \/>\n\n\n\n<p>Mat\u00e9ria ASCOM dispon\u00edvel em: <em>https:\/\/ifbaiano.edu.br\/portal\/blog\/comissao-de-revisao-da-politica-de-diversidade-e-inclusao-visita-as-unidades-veja-o-cronograma\/<\/em><\/p>\n","protected":false},"excerpt":{"rendered":"<p>O IF Baiano est\u00e1 revisando sua Pol\u00edtica de Diversidade e Inclus\u00e3o. Para isso, a comunidade do Instituto tem um papel fundamental na constru\u00e7\u00e3o desse documento t\u00e3o importante para a oferta de ensino p\u00fablico, gratuito, de qualidade e socialmente referenciado. Para conscientizar a comunidade sobre a import\u00e2ncia do documento e convid\u00e1-la a contribuir com sua constru\u00e7\u00e3o [&hellip;]<\/p>\n","protected":false},"author":146,"featured_media":9288,"comment_status":"open","ping_status":"open","sticky":false,"template":"","format":"standard","meta":[],"categories":[5,63],"tags":[113,297,306],"_links":{"self":[{"href":"https:\/\/www.ifbaiano.edu.br\/unidades\/valenca\/wp-json\/wp\/v2\/posts\/9287"}],"collection":[{"href":"https:\/\/www.ifbaiano.edu.br\/unidades\/valenca\/wp-json\/wp\/v2\/posts"}],"about":[{"href":"https:\/\/www.ifbaiano.edu.br\/unidades\/valenca\/wp-json\/wp\/v2\/types\/post"}],"author":[{"embeddable":true,"href":"https:\/\/www.ifbaiano.edu.br\/unidades\/valenca\/wp-json\/wp\/v2\/users\/146"}],"replies":[{"embeddable":true,"href":"https:\/\/www.ifbaiano.edu.br\/unidades\/valenca\/wp-json\/wp\/v2\/comments?post=9287"}],"version-history":[{"count":1,"href":"https:\/\/www.ifbaiano.edu.br\/unidades\/valenca\/wp-json\/wp\/v2\/posts\/9287\/revisions"}],"predecessor-version":[{"id":9289,"href":"https:\/\/www.ifbaiano.edu.br\/unidades\/valenca\/wp-json\/wp\/v2\/posts\/9287\/revisions\/9289"}],"wp:featuredmedia":[{"embeddable":true,"href":"https:\/\/www.ifbaiano.edu.br\/unidades\/valenca\/wp-json\/wp\/v2\/media\/9288"}],"wp:attachment":[{"href":"https:\/\/www.ifbaiano.edu.br\/unidades\/valenca\/wp-json\/wp\/v2\/media?parent=9287"}],"wp:term":[{"taxonomy":"category","embeddable":true,"href":"https:\/\/www.ifbaiano.edu.br\/unidades\/valenca\/wp-json\/wp\/v2\/categories?post=9287"},{"taxonomy":"post_tag","embeddable":true,"href":"https:\/\/www.ifbaiano.edu.br\/unidades\/valenca\/wp-json\/wp\/v2\/tags?post=9287"}],"curies":[{"name":"wp","href":"https:\/\/api.w.org\/{rel}","templated":true}]}}