{"id":9291,"date":"2023-08-29T16:54:48","date_gmt":"2023-08-29T19:54:48","guid":{"rendered":"https:\/\/www.ifbaiano.edu.br\/unidades\/valenca\/?p=9291"},"modified":"2023-08-29T16:54:48","modified_gmt":"2023-08-29T19:54:48","slug":"convocacao-para-renovacao-de-matricula-2023-1-curso-de-graduacao-em-ciencias-biologicas","status":"publish","type":"post","link":"https:\/\/www.ifbaiano.edu.br\/unidades\/valenca\/2023\/08\/29\/convocacao-para-renovacao-de-matricula-2023-1-curso-de-graduacao-em-ciencias-biologicas\/","title":{"rendered":"Convoca\u00e7\u00e3o para renova\u00e7\u00e3o de matr\u00edcula 2023.1 &#8211; Curso de Gradua\u00e7\u00e3o em Ci\u00eancias Biol\u00f3gicas"},"content":{"rendered":"\n<p><em>A renova\u00e7\u00e3o ser\u00e1 online, atrav\u00e9s do Portal do Aluno<\/em> no SUAP<\/p>\n\n\n\n<p>A Secretaria de Registros Acad\u00eamicos do IF Baiano \u2013\u00a0<em>Campus\u00a0<\/em>Valen\u00e7a convoca todos os discentes do<strong>\u00a0<\/strong>curso de Gradua\u00e7\u00e3o em Ci\u00eancias Biol\u00f3gicas<strong>\u00a0<\/strong>para a renova\u00e7\u00e3o de matr\u00edcula para o per\u00edodo letivo de 2023.1. <\/p>\n\n\n\n<p>A renova\u00e7\u00e3o ser\u00e1 realizada atrav\u00e9s do portal do aluno no <a href=\"https:\/\/suap.ifbaiano.edu.br\/\">Sistema Unificado de Administra\u00e7\u00e3o P\u00fablica (SUAP<\/a>), seguindo as orienta\u00e7\u00f5es que constam no <a href=\"https:\/\/www.ifbaiano.edu.br\/unidades\/valenca\/files\/2023\/08\/Anexo-I-Edital-no-12-de-29-de-agosto-de-2023.pdf\">ANEXO I<\/a>, <strong>nos dias 30 e 31 de agosto de 2023<\/strong>.<\/p>\n\n\n\n<p>Todos(as) os(as) discentes que v\u00e3o manter v\u00ednculo no curso com o IF Baiano &#8211; <em>Campus<\/em> Valen\u00e7a, inclusive aqueles que est\u00e3o com matr\u00edcula trancada e\/ou em depend\u00eancia (componente curricular e\/ou est\u00e1gio) devem realizar a renova\u00e7\u00e3o de matr\u00edcula. A n\u00e3o realiza\u00e7\u00e3o, no prazo estabelecido neste edital, sem justificativa legal, poder\u00e1 caracterizar uma das formas de abandono do curso e poder\u00e1 implicar no cancelamento da matr\u00edcula, nos termos do inciso IV do Art. 71 da Organiza\u00e7\u00e3o Did\u00e1tica dos Cursos de Gradua\u00e7\u00e3o do IF Baiano. <\/p>\n\n\n\n<p>Aqueles que apresentam alguma pend\u00eancia com os setores CAE e Biblioteca\u00a0dever\u00e3o regularizar antes de efetivarem a rematr\u00edcula.\u00a0<\/p>\n\n\n\n<p>Para mais detalhes, confira o\u00a0<strong><a href=\"https:\/\/www.ifbaiano.edu.br\/unidades\/valenca\/files\/2023\/08\/Edital-de-Renovacao-de-Matricula-Licenciatura-em-Ciencias-Biologicas-2023.1.pdf\">edital<\/a><\/strong>.<\/p>\n\n\n\n<div id=\"ProreitoriaTopoTitulo\">\n\t\t\t\t\tEditais e Documentos\n\t\t\t\t<\/div>\n\n\n\n<div class=\"wp-block-file\"><a id=\"wp-block-file--media-d1a60470-a57d-4a34-9a35-222c28bce956\" href=\"https:\/\/www.ifbaiano.edu.br\/unidades\/valenca\/files\/2023\/08\/Anexo-I-Edital-no-12-de-29-de-agosto-de-2023.pdf\">Anexo I &#8211; Orienta\u00e7\u00f5es para acessar o SUAP<\/a><\/div>\n\n\n\n<div class=\"wp-block-file\"><a id=\"wp-block-file--media-7cf699c8-d001-466a-9e28-db79998f5dc2\" href=\"https:\/\/www.ifbaiano.edu.br\/unidades\/valenca\/files\/2023\/08\/Edital-de-Renovacao-de-Matricula-Licenciatura-em-Ciencias-Biologicas-2023.1.pdf\">Edital n\u00ba 12, de 29 de agosto de 2023<\/a><\/div>\n","protected":false},"excerpt":{"rendered":"<p>A renova\u00e7\u00e3o ser\u00e1 online, atrav\u00e9s do Portal do Aluno no SUAP A Secretaria de Registros Acad\u00eamicos do IF Baiano \u2013\u00a0Campus\u00a0Valen\u00e7a convoca todos os discentes do\u00a0curso de Gradua\u00e7\u00e3o em Ci\u00eancias Biol\u00f3gicas\u00a0para a renova\u00e7\u00e3o de matr\u00edcula para o per\u00edodo letivo de 2023.1. A renova\u00e7\u00e3o ser\u00e1 realizada atrav\u00e9s do portal do aluno no Sistema Unificado de Administra\u00e7\u00e3o P\u00fablica [&hellip;]<\/p>\n","protected":false},"author":146,"featured_media":9294,"comment_status":"open","ping_status":"open","sticky":false,"template":"","format":"standard","meta":[],"categories":[12,5,63],"tags":[125,122,142],"_links":{"self":[{"href":"https:\/\/www.ifbaiano.edu.br\/unidades\/valenca\/wp-json\/wp\/v2\/posts\/9291"}],"collection":[{"href":"https:\/\/www.ifbaiano.edu.br\/unidades\/valenca\/wp-json\/wp\/v2\/posts"}],"about":[{"href":"https:\/\/www.ifbaiano.edu.br\/unidades\/valenca\/wp-json\/wp\/v2\/types\/post"}],"author":[{"embeddable":true,"href":"https:\/\/www.ifbaiano.edu.br\/unidades\/valenca\/wp-json\/wp\/v2\/users\/146"}],"replies":[{"embeddable":true,"href":"https:\/\/www.ifbaiano.edu.br\/unidades\/valenca\/wp-json\/wp\/v2\/comments?post=9291"}],"version-history":[{"count":1,"href":"https:\/\/www.ifbaiano.edu.br\/unidades\/valenca\/wp-json\/wp\/v2\/posts\/9291\/revisions"}],"predecessor-version":[{"id":9295,"href":"https:\/\/www.ifbaiano.edu.br\/unidades\/valenca\/wp-json\/wp\/v2\/posts\/9291\/revisions\/9295"}],"wp:featuredmedia":[{"embeddable":true,"href":"https:\/\/www.ifbaiano.edu.br\/unidades\/valenca\/wp-json\/wp\/v2\/media\/9294"}],"wp:attachment":[{"href":"https:\/\/www.ifbaiano.edu.br\/unidades\/valenca\/wp-json\/wp\/v2\/media?parent=9291"}],"wp:term":[{"taxonomy":"category","embeddable":true,"href":"https:\/\/www.ifbaiano.edu.br\/unidades\/valenca\/wp-json\/wp\/v2\/categories?post=9291"},{"taxonomy":"post_tag","embeddable":true,"href":"https:\/\/www.ifbaiano.edu.br\/unidades\/valenca\/wp-json\/wp\/v2\/tags?post=9291"}],"curies":[{"name":"wp","href":"https:\/\/api.w.org\/{rel}","templated":true}]}}