{"id":9297,"date":"2023-09-11T11:23:41","date_gmt":"2023-09-11T14:23:41","guid":{"rendered":"https:\/\/www.ifbaiano.edu.br\/unidades\/valenca\/?p=9297"},"modified":"2023-09-11T11:23:41","modified_gmt":"2023-09-11T14:23:41","slug":"convocacao-de-candidata-discente-para-o-nucleo-do-prp-valenca","status":"publish","type":"post","link":"https:\/\/www.ifbaiano.edu.br\/unidades\/valenca\/2023\/09\/11\/convocacao-de-candidata-discente-para-o-nucleo-do-prp-valenca\/","title":{"rendered":"Convoca\u00e7\u00e3o de candidata discente para o n\u00facleo do PRP Valen\u00e7a"},"content":{"rendered":"\n<p>Em observ\u00e2ncia a Portaria CAPES GAB n\u00b0 82 de\u00a026\/04\/2022\u00a0e ao Edital CAPES PRP\u00a0n\u00b0\u00a024\/2022, bem como em refer\u00eancia a legisla\u00e7\u00e3o vigente e ao Projeto Institucional do Programa Resid\u00eancia Pedag\u00f3gica do Instituto Federal de Educa\u00e7\u00e3o, Ci\u00eancia e Tecnologia Baiano (PRP\/IF Baiano), foi publicado o Edital n\u00b0 85\/2023 de\u00a030 de maio\u00a0de 2023, para abertura de inscri\u00e7\u00f5es, com vistas \u00e0 sele\u00e7\u00e3o, em fluxo cont\u00ednuo, de discentes matriculados(as), respectivamente, nas Licenciaturas\/\u00c1reas em: Ci\u00eancias Agr\u00e1rias\/Educa\u00e7\u00e3o do Campo (Campus Senhor do Bonfim), Ci\u00eancias Biol\u00f3gicas\/Biologia (Campus Santa In\u00eas, Campus Serrinha e Campus Valen\u00e7a), Ci\u00eancias da Computa\u00e7\u00e3o\/Computa\u00e7\u00e3o (Campus Senhor do Bonfim), Geografia\/Geografia (Campus Santa In\u00eas) e Qu\u00edmica\/Qu\u00edmica (Campus Catu e Guanambi), para participar, como discentes bolsistas, do Programa Resid\u00eancia Pedag\u00f3gica (PRP), na forma deste\u00a0<a href=\"https:\/\/concurso.ifbaiano.edu.br\/portal\/discente-bolsista-prp-maio-2023\/wp-content\/uploads\/sites\/810\/2023\/05\/SELECAO-EM-FLUXO-CONTINUO-DE-DISCENTES-BOLSISTAS-PARA-O-PROJETO.pdf\"><strong>edital<\/strong><\/a>.<\/p>\n\n\n\n<p>A Coordena\u00e7\u00e3o Institucional do Programa Resid\u00eancia Pedag\u00f3gica do IF Baiano, a partir de demanda apresentada pelo N\u00facleo PRP &#8211;\u00a0<em>Campus<\/em>\u00a0Valen\u00e7a, e seguindo\u00a0 a &#8220;Classifica\u00e7\u00e3o Final das Inscri\u00e7\u00f5es do\u00a0Edital n\u00ba 85, de\u00a030 de maio\u00a0de 2023&#8221;,\u00a0convoca a classificada, <strong>Maiara Sales dos Santos<\/strong>, para atuar na condi\u00e7\u00e3o de discente bolsista.<\/p>\n\n\n\n<p>Para mais detalhes acompanhe as atualiza\u00e7\u00f5es sobre a sele\u00e7\u00e3o na\u00a0<strong><a href=\"https:\/\/concurso.ifbaiano.edu.br\/portal\/discente-bolsista-prp-maio-2023\/\">p\u00e1gina do certame<\/a><\/strong>.<\/p>\n","protected":false},"excerpt":{"rendered":"<p>Em observ\u00e2ncia a Portaria CAPES GAB n\u00b0 82 de\u00a026\/04\/2022\u00a0e ao Edital CAPES PRP\u00a0n\u00b0\u00a024\/2022, bem como em refer\u00eancia a legisla\u00e7\u00e3o vigente e ao Projeto Institucional do Programa Resid\u00eancia Pedag\u00f3gica do Instituto Federal de Educa\u00e7\u00e3o, Ci\u00eancia e Tecnologia Baiano (PRP\/IF Baiano), foi publicado o Edital n\u00b0 85\/2023 de\u00a030 de maio\u00a0de 2023, para abertura de inscri\u00e7\u00f5es, com vistas [&hellip;]<\/p>\n","protected":false},"author":146,"featured_media":0,"comment_status":"open","ping_status":"open","sticky":false,"template":"","format":"standard","meta":[],"categories":[5,35,32,63],"tags":[],"_links":{"self":[{"href":"https:\/\/www.ifbaiano.edu.br\/unidades\/valenca\/wp-json\/wp\/v2\/posts\/9297"}],"collection":[{"href":"https:\/\/www.ifbaiano.edu.br\/unidades\/valenca\/wp-json\/wp\/v2\/posts"}],"about":[{"href":"https:\/\/www.ifbaiano.edu.br\/unidades\/valenca\/wp-json\/wp\/v2\/types\/post"}],"author":[{"embeddable":true,"href":"https:\/\/www.ifbaiano.edu.br\/unidades\/valenca\/wp-json\/wp\/v2\/users\/146"}],"replies":[{"embeddable":true,"href":"https:\/\/www.ifbaiano.edu.br\/unidades\/valenca\/wp-json\/wp\/v2\/comments?post=9297"}],"version-history":[{"count":1,"href":"https:\/\/www.ifbaiano.edu.br\/unidades\/valenca\/wp-json\/wp\/v2\/posts\/9297\/revisions"}],"predecessor-version":[{"id":9298,"href":"https:\/\/www.ifbaiano.edu.br\/unidades\/valenca\/wp-json\/wp\/v2\/posts\/9297\/revisions\/9298"}],"wp:attachment":[{"href":"https:\/\/www.ifbaiano.edu.br\/unidades\/valenca\/wp-json\/wp\/v2\/media?parent=9297"}],"wp:term":[{"taxonomy":"category","embeddable":true,"href":"https:\/\/www.ifbaiano.edu.br\/unidades\/valenca\/wp-json\/wp\/v2\/categories?post=9297"},{"taxonomy":"post_tag","embeddable":true,"href":"https:\/\/www.ifbaiano.edu.br\/unidades\/valenca\/wp-json\/wp\/v2\/tags?post=9297"}],"curies":[{"name":"wp","href":"https:\/\/api.w.org\/{rel}","templated":true}]}}