{"id":9299,"date":"2023-09-12T19:16:27","date_gmt":"2023-09-12T22:16:27","guid":{"rendered":"https:\/\/www.ifbaiano.edu.br\/unidades\/valenca\/?p=9299"},"modified":"2023-09-12T19:16:28","modified_gmt":"2023-09-12T22:16:28","slug":"professora-do-if-baiano-campus-valenca-e-escritora-natural-de-nazare-ba-tem-livro-infantil-indicado-a-tres-categorias-ao-premio-jabuti-2023","status":"publish","type":"post","link":"https:\/\/www.ifbaiano.edu.br\/unidades\/valenca\/2023\/09\/12\/professora-do-if-baiano-campus-valenca-e-escritora-natural-de-nazare-ba-tem-livro-infantil-indicado-a-tres-categorias-ao-premio-jabuti-2023\/","title":{"rendered":"Professora do IF Baiano Campus Valen\u00e7a e escritora, natural de Nazar\u00e9-BA, tem livro infantil indicado a tr\u00eas categorias ao Pr\u00eamio Jabuti 2023"},"content":{"rendered":"\n<p>O livro infantil (Anjo de Barro) foi lan\u00e7ado em 2022, possui 32 p\u00e1ginas e apresenta ilustra\u00e7\u00f5es riqu\u00edssimas da comunidade de Maragogipinho, distrito de Aratu\u00edpe, no baixo sul baiano.<\/p>\n\n\n\n<p>A escritora Ion\u00e3 Scarante, da cidade de Nazar\u00e9, no Rec\u00f4ncavo Baiano, comemora a indica\u00e7\u00e3o da sua obra infantil Anjo de Barro ao prestigiado Pr\u00eamio Jabuti 2023. Refer\u00eancia entre os pr\u00eamios liter\u00e1rios do pa\u00eds, o Pr\u00eamio Jabuti \u00e9 patrim\u00f4nio cultural. H\u00e1 anos, ele amplia os feitos da ind\u00fastria editorial e o alcance da cultura liter\u00e1ria nacional. A indica\u00e7\u00e3o do livro pela C\u00e2mara Brasileira do Livro (CBL) nas categorias Infantil, Capa e Ilustra\u00e7\u00e3o \u00e9 um reconhecimento \u00e0 sua dedica\u00e7\u00e3o \u00e0 literatura e uma oportunidade para que o p\u00fablico se encante com a narrativa que apresenta importantes elementos culturais do nosso povo.<\/p>\n\n\n<div class=\"wp-block-image\">\n<figure class=\"aligncenter size-full is-resized\"><img decoding=\"async\" loading=\"lazy\" src=\"https:\/\/www.ifbaiano.edu.br\/unidades\/valenca\/files\/2023\/09\/Capa-livro.jpg\" alt=\"\" class=\"wp-image-9300\" width=\"448\" height=\"448\" \/><\/figure><\/div>\n\n\n<p>O livro infantil Anjo de Barro foi lan\u00e7ado em 2022 pela Editora Mente Aberta. O livro possui 32 p\u00e1ginas e apresenta ilustra\u00e7\u00f5es riqu\u00edssimas da comunidade de Maragogipinho, distrito de Aratu\u00edpe, Territ\u00f3rio de Identidade do Baixo Sul da Bahia. As ilustra\u00e7\u00f5es s\u00e3o assinadas pela artista baiana D\u00e9bora Ayanne Caitano, da cidade de Santo Ant\u00f4nio de Jesus, tamb\u00e9m no Rec\u00f4ncavo.<\/p>\n\n\n\n<p><strong>Sobre a obra:<\/strong><\/p>\n\n\n\n<p>Anjo de Barro \u00e9 uma hist\u00f3ria com fei\u00e7\u00e3o de lenda. A narrativa conta com personagens reais mesclados \u00e0 magia da personagem Santinha (menina ou anjo?). O trabalho artesanal feito com a argila, pelas m\u00e3os habilidosas dos mestres e mestras ceramistas da comunidade tradicional de Maragogipinho (Aratu\u00edpe-BA), \u00e9 apresentado aos leitores sob os olhos dessa \u201cmenina-miragem\u201d, que distribu\u00eda beleza e encantamento no ambiente do barro. Entre o l\u00edrico, o m\u00edtico e o l\u00fadico, Santinha nos pega pela m\u00e3o numa aventura m\u00e1gica, na Terra dos Caxixis.<\/p>\n\n\n\n<p>Ion\u00e3 Scarante \u00e9 Doutora em Literatura e Cultura (UFBA), professora de L\u00edngua Portuguesa e Literaturas do Instituto Federal Baiano \u2013 Campus Valen\u00e7a. \u00c9 membro do GLICAM. M\u00e3e, poeta e organizadora de diversas antologias po\u00e9ticas. Membro da Academia Internacional de Literatura Brasileira (AILB).<\/p>\n","protected":false},"excerpt":{"rendered":"<p>O livro infantil (Anjo de Barro) foi lan\u00e7ado em 2022, possui 32 p\u00e1ginas e apresenta ilustra\u00e7\u00f5es riqu\u00edssimas da comunidade de Maragogipinho, distrito de Aratu\u00edpe, no baixo sul baiano. A escritora Ion\u00e3 Scarante, da cidade de Nazar\u00e9, no Rec\u00f4ncavo Baiano, comemora a indica\u00e7\u00e3o da sua obra infantil Anjo de Barro ao prestigiado Pr\u00eamio Jabuti 2023. Refer\u00eancia [&hellip;]<\/p>\n","protected":false},"author":146,"featured_media":9300,"comment_status":"open","ping_status":"open","sticky":false,"template":"","format":"standard","meta":[],"categories":[5,63],"tags":[308,307],"_links":{"self":[{"href":"https:\/\/www.ifbaiano.edu.br\/unidades\/valenca\/wp-json\/wp\/v2\/posts\/9299"}],"collection":[{"href":"https:\/\/www.ifbaiano.edu.br\/unidades\/valenca\/wp-json\/wp\/v2\/posts"}],"about":[{"href":"https:\/\/www.ifbaiano.edu.br\/unidades\/valenca\/wp-json\/wp\/v2\/types\/post"}],"author":[{"embeddable":true,"href":"https:\/\/www.ifbaiano.edu.br\/unidades\/valenca\/wp-json\/wp\/v2\/users\/146"}],"replies":[{"embeddable":true,"href":"https:\/\/www.ifbaiano.edu.br\/unidades\/valenca\/wp-json\/wp\/v2\/comments?post=9299"}],"version-history":[{"count":4,"href":"https:\/\/www.ifbaiano.edu.br\/unidades\/valenca\/wp-json\/wp\/v2\/posts\/9299\/revisions"}],"predecessor-version":[{"id":9306,"href":"https:\/\/www.ifbaiano.edu.br\/unidades\/valenca\/wp-json\/wp\/v2\/posts\/9299\/revisions\/9306"}],"wp:featuredmedia":[{"embeddable":true,"href":"https:\/\/www.ifbaiano.edu.br\/unidades\/valenca\/wp-json\/wp\/v2\/media\/9300"}],"wp:attachment":[{"href":"https:\/\/www.ifbaiano.edu.br\/unidades\/valenca\/wp-json\/wp\/v2\/media?parent=9299"}],"wp:term":[{"taxonomy":"category","embeddable":true,"href":"https:\/\/www.ifbaiano.edu.br\/unidades\/valenca\/wp-json\/wp\/v2\/categories?post=9299"},{"taxonomy":"post_tag","embeddable":true,"href":"https:\/\/www.ifbaiano.edu.br\/unidades\/valenca\/wp-json\/wp\/v2\/tags?post=9299"}],"curies":[{"name":"wp","href":"https:\/\/api.w.org\/{rel}","templated":true}]}}