{"id":930,"date":"2011-10-31T01:36:49","date_gmt":"2011-10-31T01:36:49","guid":{"rendered":"http:\/\/www.ifbaiano.edu.br\/unidades\/valenca\/?p=930"},"modified":"2011-10-31T01:43:31","modified_gmt":"2011-10-31T01:43:31","slug":"campus-valenca-divulga-resultado-da-selecao-apoio-a-qualificacao-para-servidores-edital-n-022011","status":"publish","type":"post","link":"https:\/\/www.ifbaiano.edu.br\/unidades\/valenca\/2011\/10\/31\/campus-valenca-divulga-resultado-da-selecao-apoio-a-qualificacao-para-servidores-edital-n-022011\/","title":{"rendered":"Campus Valen\u00e7a divulga resultado da Sele\u00e7\u00e3o Apoio \u00e0 Qualifica\u00e7\u00e3o para Servidores \u2013 Edital N\u00ba 02\/2011"},"content":{"rendered":"<p style=\"text-align: left\" align=\"center\">O <em>Campus<\/em> Valen\u00e7a divulga resultado da sele\u00e7\u00e3o para<strong> <\/strong>o<strong> <\/strong>Programa de\u00a0 Apoio \u00e0 Qualifica\u00e7\u00e3o de Servidores (Edital n\u00ba 02\/2011).\u00a0<\/p>\n<p>Acesse\u00a0<a href=\"http:\/\/www.ifbaiano.edu.br\/unidades\/valenca\/files\/2011\/10\/RESULTADO-APOIO-\u00c0-QUALIFICA\u00c7\u00c3O-EDITAL-02.pdf\">aqui<\/a> o resultado.<\/p>\n<p>&nbsp;<\/p>\n<p>&nbsp;<\/p>\n","protected":false},"excerpt":{"rendered":"<p>O Campus Valen\u00e7a divulga resultado da sele\u00e7\u00e3o para o Programa de\u00a0 Apoio \u00e0 Qualifica\u00e7\u00e3o de Servidores (Edital n\u00ba 02\/2011).\u00a0 Acesse\u00a0aqui o resultado. &nbsp; &nbsp;<\/p>\n","protected":false},"author":6,"featured_media":0,"comment_status":"open","ping_status":"open","sticky":false,"template":"","format":"standard","meta":[],"categories":[5,32],"tags":[],"_links":{"self":[{"href":"https:\/\/www.ifbaiano.edu.br\/unidades\/valenca\/wp-json\/wp\/v2\/posts\/930"}],"collection":[{"href":"https:\/\/www.ifbaiano.edu.br\/unidades\/valenca\/wp-json\/wp\/v2\/posts"}],"about":[{"href":"https:\/\/www.ifbaiano.edu.br\/unidades\/valenca\/wp-json\/wp\/v2\/types\/post"}],"author":[{"embeddable":true,"href":"https:\/\/www.ifbaiano.edu.br\/unidades\/valenca\/wp-json\/wp\/v2\/users\/6"}],"replies":[{"embeddable":true,"href":"https:\/\/www.ifbaiano.edu.br\/unidades\/valenca\/wp-json\/wp\/v2\/comments?post=930"}],"version-history":[{"count":5,"href":"https:\/\/www.ifbaiano.edu.br\/unidades\/valenca\/wp-json\/wp\/v2\/posts\/930\/revisions"}],"predecessor-version":[{"id":936,"href":"https:\/\/www.ifbaiano.edu.br\/unidades\/valenca\/wp-json\/wp\/v2\/posts\/930\/revisions\/936"}],"wp:attachment":[{"href":"https:\/\/www.ifbaiano.edu.br\/unidades\/valenca\/wp-json\/wp\/v2\/media?parent=930"}],"wp:term":[{"taxonomy":"category","embeddable":true,"href":"https:\/\/www.ifbaiano.edu.br\/unidades\/valenca\/wp-json\/wp\/v2\/categories?post=930"},{"taxonomy":"post_tag","embeddable":true,"href":"https:\/\/www.ifbaiano.edu.br\/unidades\/valenca\/wp-json\/wp\/v2\/tags?post=930"}],"curies":[{"name":"wp","href":"https:\/\/api.w.org\/{rel}","templated":true}]}}