{"id":9312,"date":"2023-09-15T17:39:35","date_gmt":"2023-09-15T20:39:35","guid":{"rendered":"https:\/\/www.ifbaiano.edu.br\/unidades\/valenca\/?p=9312"},"modified":"2023-09-25T20:13:59","modified_gmt":"2023-09-25T23:13:59","slug":"campus-valenca-esta-com-inscricoes-abertas-para-a-pos-graduacao-lato-sensu-em-relacoes-etnico-raciais-e-cultura-afro-brasileira-na-educacao","status":"publish","type":"post","link":"https:\/\/www.ifbaiano.edu.br\/unidades\/valenca\/2023\/09\/15\/campus-valenca-esta-com-inscricoes-abertas-para-a-pos-graduacao-lato-sensu-em-relacoes-etnico-raciais-e-cultura-afro-brasileira-na-educacao\/","title":{"rendered":"Campus Valen\u00e7a est\u00e1 com inscri\u00e7\u00f5es abertas para a p\u00f3s-gradua\u00e7\u00e3o lato sensu em Rela\u00e7\u00f5es \u00c9tnico-Raciais e Cultura Afro-brasileira na Educa\u00e7\u00e3o!"},"content":{"rendered":"\n<p><em>Inscri\u00e7\u00f5es prorrogadas at\u00e9 27 de setembro.<\/em><\/p>\n\n\n\n<p>A especializa\u00e7\u00e3o \u00e9 gratuita e voltada a docentes, gestores(as), profissionais da educa\u00e7\u00e3o b\u00e1sica atuantes na rede p\u00fablica, oriundos(as) de Pedagogia ou quaisquer \u00e1reas comprometidas com o respeito \u00e0s diferen\u00e7as, conv\u00edvio com a diversidade e sens\u00edveis \u00e0s quest\u00f5es \u00e9tnico-raciais.&nbsp;<\/p>\n\n\n\n<p>As inscri\u00e7\u00f5es estar\u00e3o abertas at\u00e9 27de setembro. Elas poder\u00e3o ser feitas por Sedex ou presencialmente no campus, de segunda a sexta-feira, das 8h \u00e0s 12h e 14h \u00e0s 17h, exceto feriados.<\/p>\n\n\n\n<p>Ao todo s\u00e3o 40 vagas &#8211; 8 para ampla concorr\u00eancia, 24 para pretos(as), pardos(as) e ind\u00edgenas, e 8 para pessoas com defici\u00eancia.<\/p>\n\n\n\n<p>Confira o&nbsp;<strong><a href=\"https:\/\/concurso.ifbaiano.edu.br\/portal\/pos-reafro-valenca-setembro-2023\/wp-content\/uploads\/sites\/872\/2023\/09\/Edital-no-178-de-04-de-setembro-de-2023.pdf\">edital&nbsp;<\/a><\/strong>para mais detalhes e acompanhe as atualiza\u00e7\u00f5es na&nbsp;<strong><a href=\"https:\/\/concurso.ifbaiano.edu.br\/portal\/pos-reafro-valenca-setembro-2023\/\">p\u00e1gina do certame<\/a><\/strong>.<\/p>\n","protected":false},"excerpt":{"rendered":"<p>Inscri\u00e7\u00f5es prorrogadas at\u00e9 27 de setembro. A especializa\u00e7\u00e3o \u00e9 gratuita e voltada a docentes, gestores(as), profissionais da educa\u00e7\u00e3o b\u00e1sica atuantes na rede p\u00fablica, oriundos(as) de Pedagogia ou quaisquer \u00e1reas comprometidas com o respeito \u00e0s diferen\u00e7as, conv\u00edvio com a diversidade e sens\u00edveis \u00e0s quest\u00f5es \u00e9tnico-raciais.&nbsp; As inscri\u00e7\u00f5es estar\u00e3o abertas at\u00e9 27de setembro. Elas poder\u00e3o ser feitas [&hellip;]<\/p>\n","protected":false},"author":146,"featured_media":9313,"comment_status":"open","ping_status":"open","sticky":false,"template":"","format":"standard","meta":[],"categories":[60,12,5,35,32,63],"tags":[],"_links":{"self":[{"href":"https:\/\/www.ifbaiano.edu.br\/unidades\/valenca\/wp-json\/wp\/v2\/posts\/9312"}],"collection":[{"href":"https:\/\/www.ifbaiano.edu.br\/unidades\/valenca\/wp-json\/wp\/v2\/posts"}],"about":[{"href":"https:\/\/www.ifbaiano.edu.br\/unidades\/valenca\/wp-json\/wp\/v2\/types\/post"}],"author":[{"embeddable":true,"href":"https:\/\/www.ifbaiano.edu.br\/unidades\/valenca\/wp-json\/wp\/v2\/users\/146"}],"replies":[{"embeddable":true,"href":"https:\/\/www.ifbaiano.edu.br\/unidades\/valenca\/wp-json\/wp\/v2\/comments?post=9312"}],"version-history":[{"count":2,"href":"https:\/\/www.ifbaiano.edu.br\/unidades\/valenca\/wp-json\/wp\/v2\/posts\/9312\/revisions"}],"predecessor-version":[{"id":9328,"href":"https:\/\/www.ifbaiano.edu.br\/unidades\/valenca\/wp-json\/wp\/v2\/posts\/9312\/revisions\/9328"}],"wp:featuredmedia":[{"embeddable":true,"href":"https:\/\/www.ifbaiano.edu.br\/unidades\/valenca\/wp-json\/wp\/v2\/media\/9313"}],"wp:attachment":[{"href":"https:\/\/www.ifbaiano.edu.br\/unidades\/valenca\/wp-json\/wp\/v2\/media?parent=9312"}],"wp:term":[{"taxonomy":"category","embeddable":true,"href":"https:\/\/www.ifbaiano.edu.br\/unidades\/valenca\/wp-json\/wp\/v2\/categories?post=9312"},{"taxonomy":"post_tag","embeddable":true,"href":"https:\/\/www.ifbaiano.edu.br\/unidades\/valenca\/wp-json\/wp\/v2\/tags?post=9312"}],"curies":[{"name":"wp","href":"https:\/\/api.w.org\/{rel}","templated":true}]}}