{"id":9321,"date":"2023-09-25T19:19:01","date_gmt":"2023-09-25T22:19:01","guid":{"rendered":"https:\/\/www.ifbaiano.edu.br\/unidades\/valenca\/?p=9321"},"modified":"2023-09-25T19:29:11","modified_gmt":"2023-09-25T22:29:11","slug":"prosel-2024-campus-valenca-oferta-180-vagas-em-cursos-tecnicos-na-forma-integrada-ao-ensino-medio","status":"publish","type":"post","link":"https:\/\/www.ifbaiano.edu.br\/unidades\/valenca\/2023\/09\/25\/prosel-2024-campus-valenca-oferta-180-vagas-em-cursos-tecnicos-na-forma-integrada-ao-ensino-medio\/","title":{"rendered":"Prosel 2024: campus Valen\u00e7a oferta 180 vagas em cursos t\u00e9cnicos na forma Integrada ao Ensino M\u00e9dio"},"content":{"rendered":"\n<p><em>Os cursos T\u00e9cnicos de N\u00edvel M\u00e9dio na forma Integrada na modalidade presencial s\u00e3o destinados aos(as) candidatos(as) que j\u00e1 ter\u00e3o conclu\u00eddo o Ensino Fundamental II (9\u00ba ano) at\u00e9 a data da matr\u00edcula no IF Baiano.<\/em><\/p>\n\n\n\n<p>O&nbsp;Instituto Federal de Educa\u00e7\u00e3o, Ci\u00eancia e Tecnologia Baiano (IF Baiano) \u2013&nbsp;<em>Campus&nbsp;<\/em>Valen\u00e7a &#8211; lan\u00e7ou o&nbsp;<a href=\"https:\/\/concurso.ifbaiano.edu.br\/portal\/ingresso-2024-integrado-valenca\/\">edital<\/a>&nbsp;do Processo Seletivo para Ingresso de Estudantes em 2024, destinado a selecionar candidatos para o preenchimento de 180 vagas em cursos da Educa\u00e7\u00e3o Profissional T\u00e9cnica de N\u00edvel M\u00e9dio, na forma Integrada ao Ensino M\u00e9dio \u2013 na modalidade presencial. Os cursos na forma&nbsp;Integrada<strong>&nbsp;<\/strong>s\u00e3o aqueles onde o estudante ainda n\u00e3o cursou o Ensino M\u00e9dio e pretende curs\u00e1-lo&nbsp;integrado ao curso t\u00e9cnico,&nbsp;aqui conosco, no IF Baiano.<\/p>\n\n\n\n<p>Os candidatos podem escolher entre os cursos de t\u00e9cnico em Agropecu\u00e1ria (90 vagas) e o t\u00e9cnico em Agroecologia (90 vagas). Podem se inscrever na sele\u00e7\u00e3o pessoas que j\u00e1 conclu\u00edram ou est\u00e3o concluindo o Ensino Fundamental II (9\u00ba ano) at\u00e9 a data da matr\u00edcula. Haver\u00e1 reserva de vagas para candidatos que tenham cursado integralmente o ensino m\u00e9dio em escolas p\u00fablicas.<\/p>\n\n\n\n<p>As inscri\u00e7\u00f5es s\u00e3o gratuitas e devem ser realizadas exclusivamente pela internet na&nbsp;<a href=\"https:\/\/concurso.ifbaiano.edu.br\/portal\/ingresso-2024-integrado-valenca\/\">p\u00e1gina do certame<\/a>&nbsp;durante o per\u00edodo de&nbsp;<strong>27 de setembro a 08 de novembro de 2023.<\/strong><\/p>\n\n\n\n<p>Para saber mais sobre os cursos e o processo seletivo, os interessados devem ler atentamente o&nbsp;<a href=\"https:\/\/concurso.ifbaiano.edu.br\/portal\/ingresso-2024-integrado-valenca\/wp-content\/uploads\/sites\/881\/2023\/09\/Edital-14-Integrado-Valenca-2024.pdf\">edital<\/a>. A Comiss\u00e3o Local de Processo Seletivo (PROSEL) disponibiliza o endere\u00e7o de e-mail&nbsp;<a href=\"mailto:fic@xiquexique.ifbaiano.edu.br\"><\/a><a href=\"mailto:prosel.ingresso@valenca.ifbaiano.edu.br\">prosel.ingresso@valenca.ifbaiano.edu.br<\/a>, para que os candidatos encaminhem suas d\u00favidas.<\/p>\n\n\n\n<p><strong>Acesse&nbsp;<a href=\"https:\/\/concurso.ifbaiano.edu.br\/portal\/ingresso-2024-integrado-valenca\/\">aqui&nbsp;<\/a>a p\u00e1gina do processo seletivo.<\/strong><\/p>\n\n\n\n<p class=\"has-white-background-color has-background\" id=\"PROSEL-2024\">Card de divulga\u00e7\u00e3o do PROSEL 2024. Estamos no Instagram: @ifbaiano_valenca<\/p>\n\n\n\n<figure class=\"wp-block-image size-full\"><a href=\"https:\/\/www.ifbaiano.edu.br\/unidades\/valenca\/files\/2023\/09\/Card_PrOSEL_2024.jpeg\"><img decoding=\"async\" loading=\"lazy\" width=\"1080\" height=\"1080\" src=\"https:\/\/www.ifbaiano.edu.br\/unidades\/valenca\/files\/2023\/09\/Card_PrOSEL_2024.jpeg\" alt=\"\" class=\"wp-image-9322\" \/><\/a><\/figure>\n","protected":false},"excerpt":{"rendered":"<p>Processo Seletivo 2024: Cursos T\u00e9cnicos Integrados ao Ensino M\u00e9dio. Incri\u00e7\u00f5es de 27 de setembro a 08 de novembro de 2023. <\/p>\n","protected":false},"author":171,"featured_media":9325,"comment_status":"open","ping_status":"open","sticky":true,"template":"","format":"standard","meta":[],"categories":[5,9,63],"tags":[119,64,80,309],"_links":{"self":[{"href":"https:\/\/www.ifbaiano.edu.br\/unidades\/valenca\/wp-json\/wp\/v2\/posts\/9321"}],"collection":[{"href":"https:\/\/www.ifbaiano.edu.br\/unidades\/valenca\/wp-json\/wp\/v2\/posts"}],"about":[{"href":"https:\/\/www.ifbaiano.edu.br\/unidades\/valenca\/wp-json\/wp\/v2\/types\/post"}],"author":[{"embeddable":true,"href":"https:\/\/www.ifbaiano.edu.br\/unidades\/valenca\/wp-json\/wp\/v2\/users\/171"}],"replies":[{"embeddable":true,"href":"https:\/\/www.ifbaiano.edu.br\/unidades\/valenca\/wp-json\/wp\/v2\/comments?post=9321"}],"version-history":[{"count":3,"href":"https:\/\/www.ifbaiano.edu.br\/unidades\/valenca\/wp-json\/wp\/v2\/posts\/9321\/revisions"}],"predecessor-version":[{"id":9327,"href":"https:\/\/www.ifbaiano.edu.br\/unidades\/valenca\/wp-json\/wp\/v2\/posts\/9321\/revisions\/9327"}],"wp:featuredmedia":[{"embeddable":true,"href":"https:\/\/www.ifbaiano.edu.br\/unidades\/valenca\/wp-json\/wp\/v2\/media\/9325"}],"wp:attachment":[{"href":"https:\/\/www.ifbaiano.edu.br\/unidades\/valenca\/wp-json\/wp\/v2\/media?parent=9321"}],"wp:term":[{"taxonomy":"category","embeddable":true,"href":"https:\/\/www.ifbaiano.edu.br\/unidades\/valenca\/wp-json\/wp\/v2\/categories?post=9321"},{"taxonomy":"post_tag","embeddable":true,"href":"https:\/\/www.ifbaiano.edu.br\/unidades\/valenca\/wp-json\/wp\/v2\/tags?post=9321"}],"curies":[{"name":"wp","href":"https:\/\/api.w.org\/{rel}","templated":true}]}}