{"id":9340,"date":"2023-10-09T10:10:34","date_gmt":"2023-10-09T13:10:34","guid":{"rendered":"https:\/\/www.ifbaiano.edu.br\/unidades\/valenca\/?p=9340"},"modified":"2023-10-17T01:50:05","modified_gmt":"2023-10-17T04:50:05","slug":"campus-valenca-e-destaque-no-2o-congresso-de-ensino-pesquisa-e-extensao-do-if-baiano-e-no-famif","status":"publish","type":"post","link":"https:\/\/www.ifbaiano.edu.br\/unidades\/valenca\/2023\/10\/09\/campus-valenca-e-destaque-no-2o-congresso-de-ensino-pesquisa-e-extensao-do-if-baiano-e-no-famif\/","title":{"rendered":"Campus Valen\u00e7a \u00e9 destaque no FAMIF e no 2\u00ba Congresso de Ensino, Pesquisa e Extens\u00e3o do IF Baiano"},"content":{"rendered":"\n<p>Projetos cient\u00edficos e apresenta\u00e7\u00f5es art\u00edsticas s\u00e3o premiados durante o evento, que ocorreu entre os dias 02 e 05\/10, no campus de Bom Jesus da Lapa<\/p>\n\n\n\n<p>A delega\u00e7\u00e3o de Valen\u00e7a, composta por 53 pessoas, entre servidores e estudantes, percorreu mais de 1300 km de estrada, cerca de 12 horas, para participar do II Congresso de Ensino, Pesquisa e Extens\u00e3o do IF Baiano e do Festival de Arte e M\u00fasica do IF Baiano (FAMIF). Os eventos foram sediados no Campus Bom Jesus da Lapa, de forma presencial, no per\u00edodo 02 a 05 de outubro de 2023, contemplando em sua programa\u00e7\u00e3o oficinas, minicursos, palestras, mesas-redondas, atra\u00e7\u00f5es art\u00edsticas, apresenta\u00e7\u00e3o de comunica\u00e7\u00f5es e premia\u00e7\u00f5es. Foram dias de muitas viv\u00eancias e troca de experi\u00eancias entre jovens cientistas e jovens artistas. <\/p>\n\n\n\n<p><strong>O que \u00e9 o CEPEX<\/strong><\/p>\n\n\n\n<p>O <strong><a href=\"https:\/\/eventos.ifbaiano.edu.br\/portal\/congresso\/\" target=\"_blank\" rel=\"noreferrer noopener\">Congresso de Ensino, Pesquisa e Extens\u00e3o do IF Baiano<\/a><\/strong> \u00e9 um evento acad\u00eamico-cient\u00edfico que objetiva divulgar a produ\u00e7\u00e3o de conhecimento entre discentes, extensionistas, profissionais da educa\u00e7\u00e3o, pesquisadores(as), gestores(as) e demais interessados(as).<\/p>\n\n\n\n<p>Visa fortalecer, por meio de experi\u00eancias inovadoras, a indissolubilidade entre ensino, pesquisa e extens\u00e3o, tendo como eixos de integra\u00e7\u00e3o o desenvolvimento territorial e institucional, contemplando diversidade, inclus\u00e3o, g\u00eanero, internacionaliza\u00e7\u00e3o e diferentes culturas.<\/p>\n\n\n\n<p><strong>O que \u00e9 o FAMIF<\/strong><\/p>\n\n\n\n<p>O Festival de Arte e M\u00fasica do IF Baiano, que nesse ano teve como tema &#8220;Vem ver o que a Bahia tem&#8221;, visa despertar na comunidade a valoriza\u00e7\u00e3o da arte e da cultura. Inicialmente, as seletivas aconteceram nos campi e os finalistas se apresentaram na grande final, no campus sede de Bom Jesus da Lapa. S\u00e3o sete as modalidades: interpreta\u00e7\u00e3o musical n\u00e3o autoral, m\u00fasica instrumental autoral e n\u00e3o autoral, performance c\u00eanica, dan\u00e7a, interpreta\u00e7\u00e3o n\u00e3o autoral, artes visuais, declama\u00e7\u00e3o de poema.<\/p>\n\n\n\n<p><strong>Premia\u00e7\u00f5es<\/strong><\/p>\n\n\n\n<p>Foram apresentados os resultados de 14 projetos de pesquisa, 2 projetos de extens\u00e3o, 7 projetos do PIBID e 9 projetos do PRP (Programa de Resid\u00eancia Pedag\u00f3gica). O IF Baiano campus Valen\u00e7a recebeu 4 premia\u00e7\u00f5es em apresenta\u00e7\u00e3o de resultados de pesquisa e 2 premia\u00e7\u00f5es em apresenta\u00e7\u00f5es art\u00edsticas. Confira:<\/p>\n\n\n\n<p><strong>FAMIF<\/strong><\/p>\n\n\n\n<p><strong>1\u00b0 lugar na categoria Artes Visuais\/FAMIF &#8211;<\/strong> Intercampi &#8211; Lu\u00eds Gustavo Sousa.<br><strong>1\u00b0 lugar na categoria Interpreta\u00e7\u00e3o Musical\/FAMIF <\/strong>&#8211; Intercampi, com a m\u00fasica For\u00e7a Estranha (Caetano Veloso) &#8211; estudantes Kariza Felsembourgh , Paulo Cainana e Mateus Vitorino.<\/p>\n\n\n\n<p><strong>II CEPEX<\/strong><\/p>\n\n\n\n<p><strong>1\u00ba lugar na categoria PIBIC-EM: <\/strong>Projeto &#8220;Sistema de Assist\u00eancia Locomotiva para Pessoas com Defici\u00eancia Visual&#8221; &#8211; orientandos Kaique Silva e Ruandersson Miranda, orientador professor Gustavo Sabry.<br><strong>2\u00ba lugar na categoria trabalho externo e interno sem fomento<\/strong>: Projeto &#8220;Desenvolvimento de biopl\u00e1stico a partir do aproveitamento da casca de maracuj\u00e1&#8221; &#8211; orientandos(as) Marcos Paulo Assis, Raphaela Desterro , Geisa Santana e Gabrielle Souza , sob a orienta\u00e7\u00e3o da professora Cleidiene Fi\u00faza!<\/p>\n\n\n\n<p><strong>4\u00ba lugar na categoria PIBIC-EM <\/strong>&#8211; Projeto &#8220;Potencial do uso de biocarv\u00e3o de casca de guaran\u00e1 e bucha de dend\u00ea na produ\u00e7\u00e3o de Alface (Lactuca sativa L)&#8221; &#8211;  Aquillis Goto e Nina Coutinho, sob a orienta\u00e7\u00e3o de Maria Iraildes Matias.<\/p>\n\n\n\n<p><strong>6\u00ba lugar na categoria gradua\u00e7\u00e3o\/p\u00f3s-gradua\u00e7\u00e3o<\/strong>: Projeto &#8220;Mapeamento de escritoras negras do Baixo Sul da Bahia: Narrativas, discursividades e ancestralidades&#8221; &#8211; Ros\u00e2nia Fagundes (POSLET) e \u00cdris Rodrigues (Curso Integrado em Agroecologia) , sob a orienta\u00e7\u00e3o da professora Quezia Lima.<\/p>\n\n\n\n<p><br><strong>Trabalhos aprovados para apresenta\u00e7\u00e3o no II CEPEX 2023:<\/strong><\/p>\n\n\n\n<p><a href=\"https:\/\/eventos.ifbaiano.edu.br\/portal\/congresso\/2023-2\/programacao\/\">Programa\u00e7\u00e3o \u2013 Congresso de Ensino, Pesquisa e Extens\u00e3o do IF Baiano<\/a><\/p>\n\n\n\n<figure class=\"wp-block-image size-full\"><a href=\"https:\/\/www.ifbaiano.edu.br\/unidades\/valenca\/files\/2023\/10\/WhatsApp-Image-2023-10-05-at-20.03.46.jpeg\"><img decoding=\"async\" loading=\"lazy\" width=\"1280\" height=\"960\" src=\"https:\/\/www.ifbaiano.edu.br\/unidades\/valenca\/files\/2023\/10\/WhatsApp-Image-2023-10-05-at-20.03.46.jpeg\" alt=\"Delega\u00e7\u00e3o do campus Valen\u00e7a\" class=\"wp-image-9342\" \/><\/a><\/figure>\n","protected":false},"excerpt":{"rendered":"<p>Projetos cient\u00edficos e apresenta\u00e7\u00f5es art\u00edsticas s\u00e3o premiados durante o evento, que ocorreu entre os dias 02 e 05\/10, no campus de Bom Jesus da Lapa A delega\u00e7\u00e3o de Valen\u00e7a, composta por 53 pessoas, entre servidores e estudantes, percorreu mais de 1300 km de estrada, cerca de 12 horas, para participar do II Congresso de Ensino, [&hellip;]<\/p>\n","protected":false},"author":171,"featured_media":9342,"comment_status":"open","ping_status":"open","sticky":true,"template":"","format":"standard","meta":[],"categories":[5,34,63],"tags":[71,295,45,66,64,171],"_links":{"self":[{"href":"https:\/\/www.ifbaiano.edu.br\/unidades\/valenca\/wp-json\/wp\/v2\/posts\/9340"}],"collection":[{"href":"https:\/\/www.ifbaiano.edu.br\/unidades\/valenca\/wp-json\/wp\/v2\/posts"}],"about":[{"href":"https:\/\/www.ifbaiano.edu.br\/unidades\/valenca\/wp-json\/wp\/v2\/types\/post"}],"author":[{"embeddable":true,"href":"https:\/\/www.ifbaiano.edu.br\/unidades\/valenca\/wp-json\/wp\/v2\/users\/171"}],"replies":[{"embeddable":true,"href":"https:\/\/www.ifbaiano.edu.br\/unidades\/valenca\/wp-json\/wp\/v2\/comments?post=9340"}],"version-history":[{"count":3,"href":"https:\/\/www.ifbaiano.edu.br\/unidades\/valenca\/wp-json\/wp\/v2\/posts\/9340\/revisions"}],"predecessor-version":[{"id":9348,"href":"https:\/\/www.ifbaiano.edu.br\/unidades\/valenca\/wp-json\/wp\/v2\/posts\/9340\/revisions\/9348"}],"wp:featuredmedia":[{"embeddable":true,"href":"https:\/\/www.ifbaiano.edu.br\/unidades\/valenca\/wp-json\/wp\/v2\/media\/9342"}],"wp:attachment":[{"href":"https:\/\/www.ifbaiano.edu.br\/unidades\/valenca\/wp-json\/wp\/v2\/media?parent=9340"}],"wp:term":[{"taxonomy":"category","embeddable":true,"href":"https:\/\/www.ifbaiano.edu.br\/unidades\/valenca\/wp-json\/wp\/v2\/categories?post=9340"},{"taxonomy":"post_tag","embeddable":true,"href":"https:\/\/www.ifbaiano.edu.br\/unidades\/valenca\/wp-json\/wp\/v2\/tags?post=9340"}],"curies":[{"name":"wp","href":"https:\/\/api.w.org\/{rel}","templated":true}]}}