{"id":9393,"date":"2023-10-23T19:37:07","date_gmt":"2023-10-23T22:37:07","guid":{"rendered":"https:\/\/www.ifbaiano.edu.br\/unidades\/valenca\/?p=9393"},"modified":"2023-10-23T19:47:07","modified_gmt":"2023-10-23T22:47:07","slug":"publicado-o-resultado-final-de-selecao-do-paise","status":"publish","type":"post","link":"https:\/\/www.ifbaiano.edu.br\/unidades\/valenca\/2023\/10\/23\/publicado-o-resultado-final-de-selecao-do-paise\/","title":{"rendered":"Publicado o resultado final de sele\u00e7\u00e3o do PAISE 2023.2"},"content":{"rendered":"\n<p>Confira abaixo a lista de estudantes contemplados(as) para recebimento do aux\u00edlio do PAISE 2023.2 <\/p>\n\n\n\n<figure class=\"wp-block-image size-full is-resized\"><a href=\"https:\/\/www.ifbaiano.edu.br\/unidades\/valenca\/files\/2023\/09\/card_paise2-2023.jpeg\"><img decoding=\"async\" loading=\"lazy\" src=\"https:\/\/www.ifbaiano.edu.br\/unidades\/valenca\/files\/2023\/09\/card_paise2-2023.jpeg\" alt=\"\" class=\"wp-image-9309\" width=\"265\" height=\"261\" \/><\/a><\/figure>\n\n\n\n<p class=\"has-text-align-left\">O Servi\u00e7o Social do IF Baiano campus Valen\u00e7a divulga o resultado final da sele\u00e7\u00e3o de estudantes contemplados(as) no edital do Programa de Assist\u00eancia e Inclus\u00e3o Social do Estudante \u2013 PAISE.  A Comiss\u00e3o Local de Assist\u00eancia Estudantil (CLAE) fez um redimensionamento das vagas, uma vez que os aux\u00edlios perman\u00eancia, creche EAD e transporte EAD n\u00e3o tiveram inscritos suficientes para preencher todas as vagas previstas.<\/p>\n\n\n\n<p class=\"has-text-align-left\">Para participar do programa, o estudante dever\u00e1 estar matriculado e com frequ\u00eancia regular em curso ofertado pelo campus, de n\u00edvel m\u00e9dio ou gradua\u00e7\u00e3o, nas modalidades presencial ou EaD e possuir renda per capita familiar de at\u00e9 um sal\u00e1rio m\u00ednimo e meio vigente. Para receber os aux\u00edlios, os (as) estudantes  devem estar com o cadastro atualizado. Quem ainda n\u00e3o enviou os dados banc\u00e1rios, deve encaminhar um e-mail para clae@valenca.ifbaiano.edu.br.<\/p>\n\n\n\n<p class=\"has-text-align-left\">Confira abaixo o resultado final do PAISE 2023.2.<br><\/p>\n\n\n\n<div class=\"wp-block-file\"><object class=\"wp-block-file__embed\" data=\"https:\/\/www.ifbaiano.edu.br\/unidades\/valenca\/files\/2023\/10\/resultado-final_PAISE_2023_2-1.pdf\" type=\"application\/pdf\" style=\"width:100%;height:600px\" aria-label=\"Incorporado de resultado-final_PAISE_2023_2-1.\"><\/object><a id=\"wp-block-file--media-95734ece-e4bf-4835-b90b-cd308a14a662\" href=\"https:\/\/www.ifbaiano.edu.br\/unidades\/valenca\/files\/2023\/10\/resultado-final_PAISE_2023_2-1.pdf\">resultado-final_PAISE_2023_2-1<\/a><a href=\"https:\/\/www.ifbaiano.edu.br\/unidades\/valenca\/files\/2023\/10\/resultado-final_PAISE_2023_2-1.pdf\" class=\"wp-block-file__button wp-element-button\" download aria-describedby=\"wp-block-file--media-95734ece-e4bf-4835-b90b-cd308a14a662\">Baixar<\/a><\/div>\n\n\n\n<p><\/p>\n","protected":false},"excerpt":{"rendered":"<p>Confira abaixo a lista de estudantes contemplados(as) para recebimento do aux\u00edlio do PAISE 2023.2 O Servi\u00e7o Social do IF Baiano campus Valen\u00e7a divulga o resultado final da sele\u00e7\u00e3o de estudantes contemplados(as) no edital do Programa de Assist\u00eancia e Inclus\u00e3o Social do Estudante \u2013 PAISE. A Comiss\u00e3o Local de Assist\u00eancia Estudantil (CLAE) fez um redimensionamento das [&hellip;]<\/p>\n","protected":false},"author":171,"featured_media":9309,"comment_status":"open","ping_status":"open","sticky":true,"template":"","format":"standard","meta":[],"categories":[47,5,36,63],"tags":[],"_links":{"self":[{"href":"https:\/\/www.ifbaiano.edu.br\/unidades\/valenca\/wp-json\/wp\/v2\/posts\/9393"}],"collection":[{"href":"https:\/\/www.ifbaiano.edu.br\/unidades\/valenca\/wp-json\/wp\/v2\/posts"}],"about":[{"href":"https:\/\/www.ifbaiano.edu.br\/unidades\/valenca\/wp-json\/wp\/v2\/types\/post"}],"author":[{"embeddable":true,"href":"https:\/\/www.ifbaiano.edu.br\/unidades\/valenca\/wp-json\/wp\/v2\/users\/171"}],"replies":[{"embeddable":true,"href":"https:\/\/www.ifbaiano.edu.br\/unidades\/valenca\/wp-json\/wp\/v2\/comments?post=9393"}],"version-history":[{"count":4,"href":"https:\/\/www.ifbaiano.edu.br\/unidades\/valenca\/wp-json\/wp\/v2\/posts\/9393\/revisions"}],"predecessor-version":[{"id":9400,"href":"https:\/\/www.ifbaiano.edu.br\/unidades\/valenca\/wp-json\/wp\/v2\/posts\/9393\/revisions\/9400"}],"wp:featuredmedia":[{"embeddable":true,"href":"https:\/\/www.ifbaiano.edu.br\/unidades\/valenca\/wp-json\/wp\/v2\/media\/9309"}],"wp:attachment":[{"href":"https:\/\/www.ifbaiano.edu.br\/unidades\/valenca\/wp-json\/wp\/v2\/media?parent=9393"}],"wp:term":[{"taxonomy":"category","embeddable":true,"href":"https:\/\/www.ifbaiano.edu.br\/unidades\/valenca\/wp-json\/wp\/v2\/categories?post=9393"},{"taxonomy":"post_tag","embeddable":true,"href":"https:\/\/www.ifbaiano.edu.br\/unidades\/valenca\/wp-json\/wp\/v2\/tags?post=9393"}],"curies":[{"name":"wp","href":"https:\/\/api.w.org\/{rel}","templated":true}]}}