{"id":944,"date":"2011-10-31T14:27:30","date_gmt":"2011-10-31T14:27:30","guid":{"rendered":"http:\/\/www.ifbaiano.edu.br\/unidades\/valenca\/?p=944"},"modified":"2011-11-02T17:56:59","modified_gmt":"2011-11-02T17:56:59","slug":"confira-novo-calendario-academico-e-horarios-de-aula-do-campus","status":"publish","type":"post","link":"https:\/\/www.ifbaiano.edu.br\/unidades\/valenca\/2011\/10\/31\/confira-novo-calendario-academico-e-horarios-de-aula-do-campus\/","title":{"rendered":"Confira novo Calend\u00e1rio acad\u00eamico e Hor\u00e1rios de aula do Campus"},"content":{"rendered":"<p>A Dire\u00e7\u00e3o de Ensino do Campus Valen\u00e7a\u00a0divulga Calend\u00e1rio acad\u00eamico e Hor\u00e1rios\u00a0de aula para o cumprimento do ano letivo de 2011, ap\u00f3s o per\u00edodo de greve.<\/p>\n<p>Confira:<\/p>\n<p><a href=\"http:\/\/www.ifbaiano.edu.br\/unidades\/valenca\/files\/2011\/08\/Calend\u00e1ri..1.pdf\">CALEND\u00c1RIO<\/a><\/p>\n<p><a href=\"http:\/\/www.ifbaiano.edu.br\/unidades\/valenca\/files\/2011\/10\/HOR\u00c1RIO+1\u00baA.pdf\">HOR\u00c1RIO 1\u00baA Agropecu\u00e1ria<\/a><\/p>\n<p><a href=\"http:\/\/www.ifbaiano.edu.br\/unidades\/valenca\/files\/2011\/10\/HOR\u00c1RIO-1\u00ba-B.pdf\">HOR\u00c1RIO 1\u00ba B Agropecu\u00e1ria<\/a><\/p>\n<p><a href=\"http:\/\/www.ifbaiano.edu.br\/unidades\/valenca\/files\/2011\/10\/HOR\u00c1RIO+1\u00baC-agroecologia.pdf\">HOR\u00c1RIO 1\u00baC Agroecologia<\/a><\/p>\n<p><a href=\"http:\/\/www.ifbaiano.edu.br\/unidades\/valenca\/files\/2011\/10\/HOR\u00c1RIO+1\u00ba-D-agroecologia.pdf\">HOR\u00c1RIO 1\u00ba D Agroecologia<\/a><\/p>\n<p><a href=\"http:\/\/www.ifbaiano.edu.br\/unidades\/valenca\/files\/2011\/10\/HOR\u00c1RIO+2\u00aa-s\u00e9rie-m\u00e9dio.pdf\">HOR\u00c1RIO 2\u00aa S\u00e9rie Ens. M\u00e9dio<\/a><\/p>\n<p><a href=\"http:\/\/www.ifbaiano.edu.br\/unidades\/valenca\/files\/2011\/10\/HOR\u00c1RIO+3\u00aa-s\u00e9rie-m\u00e9dio.pdf\">HOR\u00c1RIO 3\u00aa S\u00e9rie Ens. M\u00e9dio<\/a><\/p>\n<p><a href=\"http:\/\/www.ifbaiano.edu.br\/unidades\/valenca\/files\/2011\/10\/HOR\u00c1RIO+meio-ambiente.pdf\">HOR\u00c1RIO Meio Ambiente<\/a><\/p>\n<p>&nbsp;<\/p>\n<p>&nbsp;<\/p>\n<p>&nbsp;<\/p>\n<p>&nbsp;<\/p>\n","protected":false},"excerpt":{"rendered":"<p>A Dire\u00e7\u00e3o de Ensino do Campus Valen\u00e7a\u00a0divulga Calend\u00e1rio acad\u00eamico e Hor\u00e1rios\u00a0de aula para o cumprimento do ano letivo de 2011, ap\u00f3s o per\u00edodo de greve. Confira: CALEND\u00c1RIO HOR\u00c1RIO 1\u00baA Agropecu\u00e1ria HOR\u00c1RIO 1\u00ba B Agropecu\u00e1ria HOR\u00c1RIO 1\u00baC Agroecologia HOR\u00c1RIO 1\u00ba D Agroecologia HOR\u00c1RIO 2\u00aa S\u00e9rie Ens. M\u00e9dio HOR\u00c1RIO 3\u00aa S\u00e9rie Ens. M\u00e9dio HOR\u00c1RIO Meio Ambiente &nbsp; [&hellip;]<\/p>\n","protected":false},"author":6,"featured_media":0,"comment_status":"open","ping_status":"open","sticky":false,"template":"","format":"standard","meta":[],"categories":[3,5,10],"tags":[],"_links":{"self":[{"href":"https:\/\/www.ifbaiano.edu.br\/unidades\/valenca\/wp-json\/wp\/v2\/posts\/944"}],"collection":[{"href":"https:\/\/www.ifbaiano.edu.br\/unidades\/valenca\/wp-json\/wp\/v2\/posts"}],"about":[{"href":"https:\/\/www.ifbaiano.edu.br\/unidades\/valenca\/wp-json\/wp\/v2\/types\/post"}],"author":[{"embeddable":true,"href":"https:\/\/www.ifbaiano.edu.br\/unidades\/valenca\/wp-json\/wp\/v2\/users\/6"}],"replies":[{"embeddable":true,"href":"https:\/\/www.ifbaiano.edu.br\/unidades\/valenca\/wp-json\/wp\/v2\/comments?post=944"}],"version-history":[{"count":6,"href":"https:\/\/www.ifbaiano.edu.br\/unidades\/valenca\/wp-json\/wp\/v2\/posts\/944\/revisions"}],"predecessor-version":[{"id":956,"href":"https:\/\/www.ifbaiano.edu.br\/unidades\/valenca\/wp-json\/wp\/v2\/posts\/944\/revisions\/956"}],"wp:attachment":[{"href":"https:\/\/www.ifbaiano.edu.br\/unidades\/valenca\/wp-json\/wp\/v2\/media?parent=944"}],"wp:term":[{"taxonomy":"category","embeddable":true,"href":"https:\/\/www.ifbaiano.edu.br\/unidades\/valenca\/wp-json\/wp\/v2\/categories?post=944"},{"taxonomy":"post_tag","embeddable":true,"href":"https:\/\/www.ifbaiano.edu.br\/unidades\/valenca\/wp-json\/wp\/v2\/tags?post=944"}],"curies":[{"name":"wp","href":"https:\/\/api.w.org\/{rel}","templated":true}]}}