{"id":9461,"date":"2023-11-20T08:33:34","date_gmt":"2023-11-20T11:33:34","guid":{"rendered":"https:\/\/www.ifbaiano.edu.br\/unidades\/valenca\/?p=9461"},"modified":"2023-12-01T15:16:09","modified_gmt":"2023-12-01T18:16:09","slug":"ii-etapa-da-iv-semana-de-ciencia-e-tecnologia-do-if-baiano-campus-valenca-acontece-na-semana-da-consciencia-negra","status":"publish","type":"post","link":"https:\/\/www.ifbaiano.edu.br\/unidades\/valenca\/2023\/11\/20\/ii-etapa-da-iv-semana-de-ciencia-e-tecnologia-do-if-baiano-campus-valenca-acontece-na-semana-da-consciencia-negra\/","title":{"rendered":"II Etapa da IV Semana de Ci\u00eancia e Tecnologia do IF Baiano campus Valen\u00e7a acontece na Semana da Consci\u00eancia Negra"},"content":{"rendered":"\n<p>A programa\u00e7\u00e3o tem in\u00edcio a partir do dia 22\/11 com a tem\u00e1tica ci\u00eancias b\u00e1sicas para o desenvolvimento sustent\u00e1vel e as a\u00e7\u00f5es reafirmam a import\u00e2ncia da valoriza\u00e7\u00e3o da ci\u00eancia preta<\/p>\n\n\n\n<p>A segunda etapa da IV Semana de  Ci\u00eancia e Tecnologia do IF Baiano campus Valen\u00e7a reunir\u00e1 4 eventos: a Feira de ci\u00eancias, a Mostra de Ensino, Pesquisa e Extens\u00e3o, a Feira de Munic\u00edpios e a Semana Acad\u00eamica do curso de Ci\u00eancias Biol\u00f3gicas. As a\u00e7\u00f5es iniciam dia 22 de novembro, integrando a Semana da Consci\u00eancia Negra e a abertura ser\u00e1 uma roda de conversa sobre Ci\u00eancia Preta em Todo Lugar, em alus\u00e3o \u00e0 tem\u00e1tica da 20\u00aa Semana Nacional de Ci\u00eancia e Tecnologia &#8221; Ci\u00eancias B\u00e1sicas para o desenvolvimento sustent\u00e1vel&#8221;, a todo lugar tem ci\u00eancia.<\/p>\n\n\n\n<p>A Semana Nacional de Ci\u00eancia e Tecnologia (SNCT) \u00e9 um evento anual do Minist\u00e9rio da Ci\u00eancia, Tecnologia e Inova\u00e7\u00f5es (MCTI) que ocorre durante o m\u00eas de outubro. A SNCT visa fomentar os usos sociais da ci\u00eancia e da tecnologia de modo a favorecer a socializa\u00e7\u00e3o das diferentes possibilidades de combate \u00e0 desigualdade social a partir da populariza\u00e7\u00e3o e da divulga\u00e7\u00e3o da ci\u00eancia e da tecnologia.<\/p>\n\n\n\n<p>Acesse o site e fa\u00e7a a sua inscri\u00e7\u00e3o: <a href=\"https:\/\/www.even3.com.br\/ivsnctcampusvalenca\/\">https:\/\/www.even3.com.br\/ivsnctcampusvalenca\/<\/a><\/p>\n\n\n\n<figure class=\"wp-block-image size-full\"><a href=\"https:\/\/www.ifbaiano.edu.br\/unidades\/valenca\/files\/2023\/11\/1-1.jpg\"><img decoding=\"async\" loading=\"lazy\" width=\"1080\" height=\"1350\" src=\"https:\/\/www.ifbaiano.edu.br\/unidades\/valenca\/files\/2023\/11\/1-1.jpg\" alt=\"\" class=\"wp-image-9463\" \/><\/a><\/figure>\n\n\n\n<figure class=\"wp-block-image size-full\"><a href=\"https:\/\/www.ifbaiano.edu.br\/unidades\/valenca\/files\/2023\/11\/2.jpg\"><img decoding=\"async\" loading=\"lazy\" width=\"1080\" height=\"1350\" src=\"https:\/\/www.ifbaiano.edu.br\/unidades\/valenca\/files\/2023\/11\/2.jpg\" alt=\"\" class=\"wp-image-9464\" \/><\/a><\/figure>\n\n\n\n<figure class=\"wp-block-image size-full is-resized\"><a href=\"https:\/\/www.ifbaiano.edu.br\/unidades\/valenca\/files\/2023\/11\/3.jpg\"><img decoding=\"async\" loading=\"lazy\" src=\"https:\/\/www.ifbaiano.edu.br\/unidades\/valenca\/files\/2023\/11\/3.jpg\" alt=\"\" class=\"wp-image-9465\" width=\"840\" height=\"1050\" \/><\/a><\/figure>\n\n\n\n<figure class=\"wp-block-image size-full\"><a href=\"https:\/\/www.ifbaiano.edu.br\/unidades\/valenca\/files\/2023\/11\/4.jpg\"><img decoding=\"async\" loading=\"lazy\" width=\"1080\" height=\"1350\" src=\"https:\/\/www.ifbaiano.edu.br\/unidades\/valenca\/files\/2023\/11\/4.jpg\" alt=\"\" class=\"wp-image-9466\" \/><\/a><\/figure>\n\n\n\n<figure class=\"wp-block-image\"><img alt=\"\" \/><\/figure>\n\n\n\n<figure class=\"wp-block-image\"><img alt=\"\" \/><\/figure>\n\n\n\n<figure class=\"wp-block-image\"><img alt=\"\" \/><\/figure>\n","protected":false},"excerpt":{"rendered":"<p>A programa\u00e7\u00e3o tem in\u00edcio a partir do dia 22\/11 com a tem\u00e1tica ci\u00eancias b\u00e1sicas para o desenvolvimento sustent\u00e1vel e as a\u00e7\u00f5es reafirmam a import\u00e2ncia da valoriza\u00e7\u00e3o da ci\u00eancia preta A segunda etapa da IV Semana de Ci\u00eancia e Tecnologia do IF Baiano campus Valen\u00e7a reunir\u00e1 4 eventos: a Feira de ci\u00eancias, a Mostra de Ensino, [&hellip;]<\/p>\n","protected":false},"author":171,"featured_media":9464,"comment_status":"open","ping_status":"open","sticky":false,"template":"","format":"standard","meta":[],"categories":[5,21,34,63],"tags":[71,64,125],"_links":{"self":[{"href":"https:\/\/www.ifbaiano.edu.br\/unidades\/valenca\/wp-json\/wp\/v2\/posts\/9461"}],"collection":[{"href":"https:\/\/www.ifbaiano.edu.br\/unidades\/valenca\/wp-json\/wp\/v2\/posts"}],"about":[{"href":"https:\/\/www.ifbaiano.edu.br\/unidades\/valenca\/wp-json\/wp\/v2\/types\/post"}],"author":[{"embeddable":true,"href":"https:\/\/www.ifbaiano.edu.br\/unidades\/valenca\/wp-json\/wp\/v2\/users\/171"}],"replies":[{"embeddable":true,"href":"https:\/\/www.ifbaiano.edu.br\/unidades\/valenca\/wp-json\/wp\/v2\/comments?post=9461"}],"version-history":[{"count":2,"href":"https:\/\/www.ifbaiano.edu.br\/unidades\/valenca\/wp-json\/wp\/v2\/posts\/9461\/revisions"}],"predecessor-version":[{"id":9469,"href":"https:\/\/www.ifbaiano.edu.br\/unidades\/valenca\/wp-json\/wp\/v2\/posts\/9461\/revisions\/9469"}],"wp:featuredmedia":[{"embeddable":true,"href":"https:\/\/www.ifbaiano.edu.br\/unidades\/valenca\/wp-json\/wp\/v2\/media\/9464"}],"wp:attachment":[{"href":"https:\/\/www.ifbaiano.edu.br\/unidades\/valenca\/wp-json\/wp\/v2\/media?parent=9461"}],"wp:term":[{"taxonomy":"category","embeddable":true,"href":"https:\/\/www.ifbaiano.edu.br\/unidades\/valenca\/wp-json\/wp\/v2\/categories?post=9461"},{"taxonomy":"post_tag","embeddable":true,"href":"https:\/\/www.ifbaiano.edu.br\/unidades\/valenca\/wp-json\/wp\/v2\/tags?post=9461"}],"curies":[{"name":"wp","href":"https:\/\/api.w.org\/{rel}","templated":true}]}}