{"id":9471,"date":"2023-11-24T22:47:56","date_gmt":"2023-11-25T01:47:56","guid":{"rendered":"https:\/\/www.ifbaiano.edu.br\/unidades\/valenca\/?p=9471"},"modified":"2023-12-14T11:05:33","modified_gmt":"2023-12-14T14:05:33","slug":"if-baiano-campus-valenca-publica-edital-de-monitoria-para-os-cursos-de-nivel-medio-e-de-graduacao","status":"publish","type":"post","link":"https:\/\/www.ifbaiano.edu.br\/unidades\/valenca\/2023\/11\/24\/if-baiano-campus-valenca-publica-edital-de-monitoria-para-os-cursos-de-nivel-medio-e-de-graduacao\/","title":{"rendered":"IF Baiano campus Valen\u00e7a publica edital de monitoria para os cursos de n\u00edvel m\u00e9dio e de gradua\u00e7\u00e3o"},"content":{"rendered":"\n<figure class=\"wp-block-image size-full\"><a href=\"https:\/\/www.ifbaiano.edu.br\/unidades\/valenca\/files\/2023\/11\/monitoria.jpg\"><img decoding=\"async\" loading=\"lazy\" width=\"1080\" height=\"1080\" src=\"https:\/\/www.ifbaiano.edu.br\/unidades\/valenca\/files\/2023\/11\/monitoria.jpg\" alt=\"\" class=\"wp-image-9478\" \/><\/a><\/figure>\n\n\n\n<p>As inscri\u00e7\u00f5es podem ser realizadas de 24 a 30 de novembro online ou presencial<\/p>\n\n\n\n<p>O Programa de Monitoria \u00e9 compreendido como uma atividade acad\u00eamica para a melhoria do<br>ensino dos cursos t\u00e9cnicos de n\u00edvel m\u00e9dio e dos cursos de gradua\u00e7\u00e3o, atrav\u00e9s do<br>estabelecimento de novas pr\u00e1ticas e experi\u00eancias educacionais, a articula\u00e7\u00e3o entre teoria e<br>pr\u00e1tica, bem como a integra\u00e7\u00e3o curricular em seus diferentes aspectos. Destina-se a<br>estudantes, regularmente matriculados, nos Cursos T\u00e9cnicos de N\u00edvel M\u00e9dio e em Cursos de<br>Gradua\u00e7\u00e3o e tem como objetivos:<br>1.1 Estimular a participa\u00e7\u00e3o de estudantes em todas as etapas do processo educacional, bem<br>como fortalecer seu v\u00ednculo com a vida acad\u00eamica do IF Baiano;<br>1.2 Contribuir com as atividades de aprimoramento do aprendizado do(a) estudante com a<br>finalidade de superar problemas de aprendizagem; Pesquisar novas metodologias de ensino<br>adequadas \u00e0s especificidades do componente curricular do programa;<br>1.3 Contribuir, atrav\u00e9s da forma\u00e7\u00e3o de monitores(as) de ensino para a difus\u00e3o do<br>conhecimento e desenvolvimento humano e tecnol\u00f3gico;<br>1.4 Possibilitar a constru\u00e7\u00e3o de conhecimentos atrav\u00e9s da intera\u00e7\u00e3o entre os(as)<br>estudantes; Desenvolver o processo de ensino-aprendizagem do(a) discente no campo do<br>ensino, relacionando teoria e pr\u00e1tica; Aperfei\u00e7oar o itiner\u00e1rio formativo dos(as) discentes ao<br>proporcionar a contextualiza\u00e7\u00e3o de diferentes saberes.<\/p>\n\n\n\n<p>O campus Valen\u00e7a receber\u00e1 um montante no valor de R$ 8.000,00 e disponibilizar\u00e1 um<br>total de 04 (quatro) bolsas  de R$200,00 cada, para monitores nas disciplinas de L\u00edngua Portuguesa, F\u00edsica I, Matem\u00e1tica e Pol\u00edticas Educacionais (segundo semestre).<\/p>\n\n\n\n<p>Confira aqui o edital:<br><\/p>\n\n\n\n<div class=\"wp-block-file\"><a id=\"wp-block-file--media-7fd86b02-e064-4b3b-b86c-bb795f5adbbf\" href=\"https:\/\/www.ifbaiano.edu.br\/unidades\/valenca\/files\/2023\/11\/Edital-16.2023-Campus-Valenca-Monitoria_site.pdf\">Edital-16.2023-Campus-Valenca-Monitoria_site<\/a><\/div>\n\n\n\n<div class=\"wp-block-file\"><a id=\"wp-block-file--media-186bed99-971c-443f-87e5-c20b409b60a9\" href=\"https:\/\/www.ifbaiano.edu.br\/unidades\/valenca\/files\/2023\/11\/Retificacao-de-quadro-de-vagas_Edital-162023Monitoria.pdf\">Retificacao-de-quadro-de-vagas_Edital-162023Monitoria<\/a><\/div>\n\n\n\n<div class=\"wp-block-file\"><a id=\"wp-block-file--media-37ca3201-5894-4cb7-a7a3-9f6407478d41\" href=\"https:\/\/www.ifbaiano.edu.br\/unidades\/valenca\/2023\/11\/24\/if-baiano-campus-valenca-publica-edital-de-monitoria-para-os-cursos-de-nivel-medio-e-de-graduacao\/homologacao-monitoria\/\">HOMOLOGACAO-MONITORIA<\/a><\/div>\n\n\n\n<div class=\"wp-block-file\"><a id=\"wp-block-file--media-ca9bf384-5a56-4e95-9d18-3c421fa8329c\" href=\"https:\/\/www.ifbaiano.edu.br\/unidades\/valenca\/files\/2023\/12\/Convocacao-Monitoria_entrevista.pdf\">Convocacao-Monitoria_entrevista<\/a><\/div>\n\n\n\n<div class=\"wp-block-file\"><a id=\"wp-block-file--media-82570bc4-6198-4d92-95f6-64a111ecfb02\" href=\"https:\/\/www.ifbaiano.edu.br\/unidades\/valenca\/files\/2023\/12\/Programa-_Monitoria_IF-Baiano-Campus-Valenca_Resultado-Parcial.pdf\">Programa-_Monitoria_IF-Baiano-Campus-Valenca_Resultado-Parcial<\/a><\/div>\n\n\n\n<div class=\"wp-block-file\"><a id=\"wp-block-file--media-07a58828-ed62-4333-947f-234b0c951049\" href=\"https:\/\/www.ifbaiano.edu.br\/unidades\/valenca\/files\/2023\/12\/Resultado-preliminar-_Monitoria_-Pos-Recurso.pdf\">Resultado-preliminar-_Monitoria_-Pos-Recurso<\/a><\/div>\n\n\n\n<div class=\"wp-block-file\"><a id=\"wp-block-file--media-c3bf4254-8a1c-4225-a5ae-77348e6babc1\" href=\"https:\/\/www.ifbaiano.edu.br\/unidades\/valenca\/files\/2023\/12\/Resultado_Final_Monitoria_IFbaiano_CampusValenca.pdf\">Resultado_Final_Monitoria_IFbaiano_CampusValenca<\/a><\/div>\n","protected":false},"excerpt":{"rendered":"<p>As inscri\u00e7\u00f5es podem ser realizadas de 24 a 30 de novembro online ou presencial O Programa de Monitoria \u00e9 compreendido como uma atividade acad\u00eamica para a melhoria doensino dos cursos t\u00e9cnicos de n\u00edvel m\u00e9dio e dos cursos de gradua\u00e7\u00e3o, atrav\u00e9s doestabelecimento de novas pr\u00e1ticas e experi\u00eancias educacionais, a articula\u00e7\u00e3o entre teoria epr\u00e1tica, bem como a [&hellip;]<\/p>\n","protected":false},"author":171,"featured_media":9478,"comment_status":"open","ping_status":"open","sticky":false,"template":"","format":"standard","meta":[],"categories":[33,5],"tags":[71,118,119,64,125],"_links":{"self":[{"href":"https:\/\/www.ifbaiano.edu.br\/unidades\/valenca\/wp-json\/wp\/v2\/posts\/9471"}],"collection":[{"href":"https:\/\/www.ifbaiano.edu.br\/unidades\/valenca\/wp-json\/wp\/v2\/posts"}],"about":[{"href":"https:\/\/www.ifbaiano.edu.br\/unidades\/valenca\/wp-json\/wp\/v2\/types\/post"}],"author":[{"embeddable":true,"href":"https:\/\/www.ifbaiano.edu.br\/unidades\/valenca\/wp-json\/wp\/v2\/users\/171"}],"replies":[{"embeddable":true,"href":"https:\/\/www.ifbaiano.edu.br\/unidades\/valenca\/wp-json\/wp\/v2\/comments?post=9471"}],"version-history":[{"count":13,"href":"https:\/\/www.ifbaiano.edu.br\/unidades\/valenca\/wp-json\/wp\/v2\/posts\/9471\/revisions"}],"predecessor-version":[{"id":9571,"href":"https:\/\/www.ifbaiano.edu.br\/unidades\/valenca\/wp-json\/wp\/v2\/posts\/9471\/revisions\/9571"}],"wp:featuredmedia":[{"embeddable":true,"href":"https:\/\/www.ifbaiano.edu.br\/unidades\/valenca\/wp-json\/wp\/v2\/media\/9478"}],"wp:attachment":[{"href":"https:\/\/www.ifbaiano.edu.br\/unidades\/valenca\/wp-json\/wp\/v2\/media?parent=9471"}],"wp:term":[{"taxonomy":"category","embeddable":true,"href":"https:\/\/www.ifbaiano.edu.br\/unidades\/valenca\/wp-json\/wp\/v2\/categories?post=9471"},{"taxonomy":"post_tag","embeddable":true,"href":"https:\/\/www.ifbaiano.edu.br\/unidades\/valenca\/wp-json\/wp\/v2\/tags?post=9471"}],"curies":[{"name":"wp","href":"https:\/\/api.w.org\/{rel}","templated":true}]}}