{"id":9482,"date":"2023-11-28T21:24:03","date_gmt":"2023-11-29T00:24:03","guid":{"rendered":"https:\/\/www.ifbaiano.edu.br\/unidades\/valenca\/?p=9482"},"modified":"2023-12-11T18:56:00","modified_gmt":"2023-12-11T21:56:00","slug":"if-baiano-campus-valenca-implanta-a-primeira-ecobarreira-na-bacia-do-rio-piau-una","status":"publish","type":"post","link":"https:\/\/www.ifbaiano.edu.br\/unidades\/valenca\/2023\/11\/28\/if-baiano-campus-valenca-implanta-a-primeira-ecobarreira-na-bacia-do-rio-piau-una\/","title":{"rendered":"IF Baiano campus Valen\u00e7a implanta a primeira ecobarreira na bacia do rio Piau\/Una"},"content":{"rendered":"\n<p>A a\u00e7\u00e3o realizada no dia 25\/11 faz parte do Projeto &#8220;Expedi\u00e7\u00e3o Territorial pela Bacia do Rio Piau\/Una&#8221; e visa monitorar os res\u00edduos s\u00f3lidos<\/p>\n\n\n\n<p>No \u00faltimo dia 25 de novembro, o Curso T\u00e9cnico Subsequente em Meio Ambiente do IF Baiano, atrav\u00e9s do Projeto &#8220;Expedi\u00e7\u00e3o Territorial pela Bacia do Rio Piau\/Una&#8221;, em parceira com o NUGEA (N\u00facleo Local de Gest\u00e3o de Res\u00edduos S\u00f3lidos e Educa\u00e7\u00e3o Ambiental) e o curso de Licenciatura em Ci\u00eancias Biol\u00f3gicas, implantou a primeira ecobarreira na bacia do Rio Piau\/Una, no munic\u00edpio de Valen\u00e7a. <\/p>\n\n\n\n<figure class=\"wp-block-gallery has-nested-images columns-default is-cropped wp-block-gallery-1 is-layout-flex\">\n<figure class=\"wp-block-image size-full\"><a href=\"https:\/\/www.ifbaiano.edu.br\/unidades\/valenca\/files\/2023\/12\/WhatsApp-Image-2023-11-27-at-16.29.33.jpeg\"><img decoding=\"async\" loading=\"lazy\" width=\"901\" height=\"1600\" data-id=\"9487\"  src=\"https:\/\/www.ifbaiano.edu.br\/unidades\/valenca\/files\/2023\/12\/WhatsApp-Image-2023-11-27-at-16.29.33.jpeg\" alt=\"\" class=\"wp-image-9487\" \/><\/a><\/figure>\n<\/figure>\n\n\n\n<p>Com o objetivo de qualificar a atua\u00e7\u00e3o e a profissionaliza\u00e7\u00e3o na \u00e1rea de meio ambiente e recursos h\u00eddricos, a implanta\u00e7\u00e3o da ecobarreira na Fazenda Aldeia, do IF Baiano, representou uma a\u00e7\u00e3o estrat\u00e9gica de monitoramento dos res\u00edduos s\u00f3lidos nas \u00e1guas do Rio Piau. O mutir\u00e3o de constru\u00e7\u00e3o da ecobarreira contou com a participa\u00e7\u00e3o de estudantes e professores dos cursos T\u00e9cnico em Meio Ambiente e licenciatura em Ci\u00eancias Biol\u00f3gicas, al\u00e9m da Defesa Civil do munic\u00edpio de Valen\u00e7a. A a\u00e7\u00e3o faz parte da 20\u00aa Semana Nacional de Ci\u00eancia e Tecnologia, coordenada pelo Minist\u00e9rio de Ci\u00eancia, Tecnologia e Inova\u00e7\u00e3o, do Governo Federal, e da Semana Acad\u00eamica da Biologia, do IFBaiano, campus Valen\u00e7a.<\/p>\n\n\n\n<p>Segundo o professor Eduardo Barcelos, as ecobarreiras podem minimizar o impacto dos res\u00edduos s\u00f3lidos nos estu\u00e1rios e nos mananciais de capta\u00e7\u00e3o de \u00e1gua, pois permitem a reten\u00e7\u00e3o de res\u00edduos em pontos estrat\u00e9gicos nas bacias hidrogr\u00e1ficas, evitando a polui\u00e7\u00e3o h\u00eddrica. &#8220;Precisamos avan\u00e7ar na gest\u00e3o das \u00e1guas com maior protagonismo das comunidades, estudantes e agricultores. Nossas bacias s\u00e3o rurais e precisam de tecnologias eficientes, de f\u00e1cil constru\u00e7\u00e3o e monitoramento, estimulando uma vigil\u00e2ncia coletiva das \u00e1guas&#8221;, destaca o professor.<\/p>\n\n\n\n<p><strong>Voc\u00ea sabe o que s\u00e3o ecobarreiras?<\/strong><\/p>\n\n\n\n<p>As ecobarreiras s\u00e3o estruturas flutuantes instaladas transversalmente em rios, c\u00f3rregos e canais que bloqueiam o escoamento dos res\u00edduos s\u00f3lidos flutuantes, principalmente materiais pl\u00e1sticos, descart\u00e1veis, madeira e demais s\u00f3lidos em suspens\u00e3o. Podem ser feitas com garrafas pl\u00e1sticas PET, ton\u00e9is, tambores e madeiras, todos unidos por corda ou cabo de a\u00e7o ancorado em cada margem do corpo de \u00e1gua. S\u00e3o ecotecnologias eficientes para a coleta de res\u00edduos flutuantes nas bacias hidrogr\u00e1ficas, evitando a contamina\u00e7\u00e3o de mananciais e corpos d\u00b4\u00e1gua e impactos negativos na qualidade das \u00e1guas e na vida aqu\u00e1tica.<\/p>\n\n\n\n<figure class=\"wp-block-image size-full is-resized\"><a href=\"https:\/\/www.ifbaiano.edu.br\/unidades\/valenca\/files\/2023\/11\/WhatsApp-Image-2023-11-27-at-16.58.01.jpeg\"><img decoding=\"async\" loading=\"lazy\" src=\"https:\/\/www.ifbaiano.edu.br\/unidades\/valenca\/files\/2023\/11\/WhatsApp-Image-2023-11-27-at-16.58.01.jpeg\" alt=\"\" class=\"wp-image-9484\" width=\"449\" height=\"598\" \/><\/a><figcaption class=\"wp-element-caption\">Estudantes e professores que implantaram a ecobarreira<\/figcaption><\/figure>\n\n\n\n<figure class=\"wp-block-gallery has-nested-images columns-default is-cropped wp-block-gallery-3 is-layout-flex\">\n<figure class=\"wp-block-image size-large\"><a href=\"https:\/\/www.ifbaiano.edu.br\/unidades\/valenca\/files\/2023\/12\/WhatsApp-Image-2023-11-28-at-21.33.445.jpeg\"><img decoding=\"async\" loading=\"lazy\" width=\"902\" height=\"1600\" data-id=\"9488\"  src=\"https:\/\/www.ifbaiano.edu.br\/unidades\/valenca\/files\/2023\/12\/WhatsApp-Image-2023-11-28-at-21.33.445.jpeg\" alt=\"\" class=\"wp-image-9488\" \/><\/a><\/figure>\n<\/figure>\n","protected":false},"excerpt":{"rendered":"<p>A a\u00e7\u00e3o realizada no dia 25\/11 faz parte do Projeto &#8220;Expedi\u00e7\u00e3o Territorial pela Bacia do Rio Piau\/Una&#8221; e visa monitorar os res\u00edduos s\u00f3lidos No \u00faltimo dia 25 de novembro, o Curso T\u00e9cnico Subsequente em Meio Ambiente do IF Baiano, atrav\u00e9s do Projeto &#8220;Expedi\u00e7\u00e3o Territorial pela Bacia do Rio Piau\/Una&#8221;, em parceira com o NUGEA (N\u00facleo [&hellip;]<\/p>\n","protected":false},"author":171,"featured_media":9483,"comment_status":"open","ping_status":"open","sticky":true,"template":"","format":"standard","meta":[],"categories":[5,63],"tags":[71,64],"_links":{"self":[{"href":"https:\/\/www.ifbaiano.edu.br\/unidades\/valenca\/wp-json\/wp\/v2\/posts\/9482"}],"collection":[{"href":"https:\/\/www.ifbaiano.edu.br\/unidades\/valenca\/wp-json\/wp\/v2\/posts"}],"about":[{"href":"https:\/\/www.ifbaiano.edu.br\/unidades\/valenca\/wp-json\/wp\/v2\/types\/post"}],"author":[{"embeddable":true,"href":"https:\/\/www.ifbaiano.edu.br\/unidades\/valenca\/wp-json\/wp\/v2\/users\/171"}],"replies":[{"embeddable":true,"href":"https:\/\/www.ifbaiano.edu.br\/unidades\/valenca\/wp-json\/wp\/v2\/comments?post=9482"}],"version-history":[{"count":4,"href":"https:\/\/www.ifbaiano.edu.br\/unidades\/valenca\/wp-json\/wp\/v2\/posts\/9482\/revisions"}],"predecessor-version":[{"id":9538,"href":"https:\/\/www.ifbaiano.edu.br\/unidades\/valenca\/wp-json\/wp\/v2\/posts\/9482\/revisions\/9538"}],"wp:featuredmedia":[{"embeddable":true,"href":"https:\/\/www.ifbaiano.edu.br\/unidades\/valenca\/wp-json\/wp\/v2\/media\/9483"}],"wp:attachment":[{"href":"https:\/\/www.ifbaiano.edu.br\/unidades\/valenca\/wp-json\/wp\/v2\/media?parent=9482"}],"wp:term":[{"taxonomy":"category","embeddable":true,"href":"https:\/\/www.ifbaiano.edu.br\/unidades\/valenca\/wp-json\/wp\/v2\/categories?post=9482"},{"taxonomy":"post_tag","embeddable":true,"href":"https:\/\/www.ifbaiano.edu.br\/unidades\/valenca\/wp-json\/wp\/v2\/tags?post=9482"}],"curies":[{"name":"wp","href":"https:\/\/api.w.org\/{rel}","templated":true}]}}