{"id":9510,"date":"2023-12-08T12:58:41","date_gmt":"2023-12-08T15:58:41","guid":{"rendered":"https:\/\/www.ifbaiano.edu.br\/unidades\/valenca\/?p=9510"},"modified":"2023-12-08T13:02:46","modified_gmt":"2023-12-08T16:02:46","slug":"professor-do-if-baiano-lanca-seu-primeiro-livro-solo-dia-09-12-em-valenca","status":"publish","type":"post","link":"https:\/\/www.ifbaiano.edu.br\/unidades\/valenca\/2023\/12\/08\/professor-do-if-baiano-lanca-seu-primeiro-livro-solo-dia-09-12-em-valenca\/","title":{"rendered":"Professor do IF Baiano lan\u00e7a seu primeiro livro-solo, dia 09\/12, em Valen\u00e7a"},"content":{"rendered":"\n<p>O livro A Gl\u00f3ria de Cair do poeta, autor de fic\u00e7\u00e3o e cr\u00edtico liter\u00e1rio Dr. Gilson Antunes ser\u00e1 lan\u00e7ado na Biblioteca Municipal Ruy Barbosa, \u00e0s 18 horas<\/p>\n\n\n\n<figure class=\"wp-block-gallery has-nested-images columns-default is-cropped wp-block-gallery-1 is-layout-flex\">\n<figure class=\"wp-block-image size-large\"><a href=\"https:\/\/www.ifbaiano.edu.br\/unidades\/valenca\/files\/2023\/12\/WhatsApp-Image-2023-12-08-at-12.12.13.jpeg\"><img decoding=\"async\" loading=\"lazy\" width=\"1144\" height=\"1178\" data-id=\"9511\"  src=\"https:\/\/www.ifbaiano.edu.br\/unidades\/valenca\/files\/2023\/12\/WhatsApp-Image-2023-12-08-at-12.12.13.jpeg\" alt=\"\" class=\"wp-image-9511\" \/><\/a><\/figure>\n<\/figure>\n\n\n\n<p>\u00c9 o primeiro livro-solo do autor no campo da fic\u00e7\u00e3o. Antes disso, Gilson Antunes havia participado, como poeta, de algumas antologias, como <em>Esquinas da alma<\/em> (2019), <em>Bardos baianos, Baixo Sul<\/em> (2022), <em>Mentes po\u00e9ticas II<\/em> (2021), <em>\u00c0s margens f\u00e9rteis do rio Una<\/em> (2017), <em>Po\u00e9ticas da terra<\/em> (2023), <em>Artpoesia, Revista cultural<\/em> (2020), etc.<\/p>\n\n\n\n<p>O livro \u00e9 composto por 52 poemas e est\u00e1 estruturado em tr\u00eas partes: A gl\u00f3ria, A queda e A gl\u00f3ria de cair. A obra mergulha na subjetividade humana para evidenciar \u2013 sobretudo &#8211; &nbsp;os desejos e as insatisfa\u00e7\u00f5es que movem o ser humano. Isso \u00e9 feito numa linguagem atravessada pelas marcas das \u00e1reas de forma\u00e7\u00e3o do autor: psican\u00e1lise, filosofia e teoria liter\u00e1ria por meio da qual o autor sonda os rec\u00f4nditos do mundo ps\u00edquico do sujeito. Para a prefaciadora do livro, Ta\u00edse Macedo, \u201cSem apontar in\u00edcio, meio e fim, \u201cA gl\u00f3ria de cair\u201d bordeja um universo lexical que alude \u00e0 travessia, \u00e0 passagem, ao instante, ao sem rumo. Nesses poemas que temos em m\u00e3os, o \u201canjo torto\u201d, o \u201c\u00f3rf\u00e3o da encruzilhada\u201d, \u201cas fiandeiras\u201d e \u201co pastor das campinas sem fim\u201d, para citar algumas imagens, resplandecem o indom\u00e1vel e incontrol\u00e1vel da poesia e do ato da escrita, sempre em vias de se fazer\u201d.<\/p>\n\n\n\n<p>O livro <em>A Gl\u00f3ria de Cair<\/em> ser\u00e1 lan\u00e7ado na Biblioteca Municipal Ruy Barbosa (Rua Maestro Barrinha, Gra\u00e7a), situada ao lado do Centro de Cultura (Valen\u00e7a-BA), no dia 09 de dezembro (s\u00e1bado), \u00e0s 18 horas. Neste dia, haver\u00e1 um bate-papo com o escritor e com a prefaciadora da obra (a pesquisadora de poesia contempor\u00e2nea, Ta\u00edse Macedo). Al\u00e9m disso, a palavra ser\u00e1 franqueada aos convidados para declamarem poemas, dialogarem acerca de poesia e conversarem sobre assuntos afetos \u00e0 tem\u00e1tica da noite.<\/p>\n\n\n\n<p>A gl\u00f3ria de cair \u00e9 uma publica\u00e7\u00e3o da editora Mente Aberta e integra a cole\u00e7\u00e3o Poess\u00eancias (edi\u00e7\u00e3o de bolso) que est\u00e1 sob a coordena\u00e7\u00e3o de Ion\u00e3 Scarante (escritora e tamb\u00e9m professora do IF Baiano que estar\u00e1 presente no lan\u00e7amento) e Pedro Camilo de Figueir\u00eado. O leitor pode adquirir a obra no dia do lan\u00e7amento por R$ 20,00 (vinte reais).<\/p>\n\n\n\n<p>Gilson Antunes \u00e9 doutor em Literatura e Cultura (UFBA), mestre em Letras (UFBA), especialista em Teoria da Psican\u00e1lise (BAHIANA), em Ensino de L\u00edngua Portuguesa (UNIMES), em L\u00edngua e Literatura (FACCEBA), graduado em Filosofia (UCSal), em Letras (UNEB) e graduando em Direito (UNEB), professor do IF Baiano (Campus Valen\u00e7a), membro da Academia Valenciana de Educa\u00e7\u00e3o Letras e Artes (AVELA), pesquisador do Grupo de Pesquisa em Linguagens, Culturas e Ambientes (Glicam), autor de dezenas de artigos acad\u00eamicos sobre as literaturas do Baixo Sul da Bahia (confira o curr\u00edculo em: &nbsp;<a href=\"https:\/\/wwws.cnpq.br\/cvlattesweb\/PKG_MENU.menu?f_cod=19268B281AF191ECD82B266045D03E7F\"><strong>https:\/\/lattes.cnpq.br\/7484310646564871<\/strong><\/a>), autor do livro <em>Desejo e solid\u00e3o<\/em> (sobre a obra de Clarice Lispector) e organizador dos livros <em>\u00c0s margens f\u00e9rteis do Rio Una<\/em> e <em>Pr\u00e1ticas (trans)formativas em linguagens<\/em> (vol. I).<\/p>\n","protected":false},"excerpt":{"rendered":"<p>O livro A Gl\u00f3ria de Cair do poeta, autor de fic\u00e7\u00e3o e cr\u00edtico liter\u00e1rio Dr. Gilson Antunes ser\u00e1 lan\u00e7ado na Biblioteca Municipal Ruy Barbosa, \u00e0s 18 horas \u00c9 o primeiro livro-solo do autor no campo da fic\u00e7\u00e3o. Antes disso, Gilson Antunes havia participado, como poeta, de algumas antologias, como Esquinas da alma (2019), Bardos baianos, [&hellip;]<\/p>\n","protected":false},"author":171,"featured_media":9511,"comment_status":"open","ping_status":"open","sticky":false,"template":"","format":"standard","meta":[],"categories":[38,5,40,63],"tags":[],"_links":{"self":[{"href":"https:\/\/www.ifbaiano.edu.br\/unidades\/valenca\/wp-json\/wp\/v2\/posts\/9510"}],"collection":[{"href":"https:\/\/www.ifbaiano.edu.br\/unidades\/valenca\/wp-json\/wp\/v2\/posts"}],"about":[{"href":"https:\/\/www.ifbaiano.edu.br\/unidades\/valenca\/wp-json\/wp\/v2\/types\/post"}],"author":[{"embeddable":true,"href":"https:\/\/www.ifbaiano.edu.br\/unidades\/valenca\/wp-json\/wp\/v2\/users\/171"}],"replies":[{"embeddable":true,"href":"https:\/\/www.ifbaiano.edu.br\/unidades\/valenca\/wp-json\/wp\/v2\/comments?post=9510"}],"version-history":[{"count":2,"href":"https:\/\/www.ifbaiano.edu.br\/unidades\/valenca\/wp-json\/wp\/v2\/posts\/9510\/revisions"}],"predecessor-version":[{"id":9513,"href":"https:\/\/www.ifbaiano.edu.br\/unidades\/valenca\/wp-json\/wp\/v2\/posts\/9510\/revisions\/9513"}],"wp:featuredmedia":[{"embeddable":true,"href":"https:\/\/www.ifbaiano.edu.br\/unidades\/valenca\/wp-json\/wp\/v2\/media\/9511"}],"wp:attachment":[{"href":"https:\/\/www.ifbaiano.edu.br\/unidades\/valenca\/wp-json\/wp\/v2\/media?parent=9510"}],"wp:term":[{"taxonomy":"category","embeddable":true,"href":"https:\/\/www.ifbaiano.edu.br\/unidades\/valenca\/wp-json\/wp\/v2\/categories?post=9510"},{"taxonomy":"post_tag","embeddable":true,"href":"https:\/\/www.ifbaiano.edu.br\/unidades\/valenca\/wp-json\/wp\/v2\/tags?post=9510"}],"curies":[{"name":"wp","href":"https:\/\/api.w.org\/{rel}","templated":true}]}}