{"id":9539,"date":"2023-12-11T19:27:26","date_gmt":"2023-12-11T22:27:26","guid":{"rendered":"https:\/\/www.ifbaiano.edu.br\/unidades\/valenca\/?p=9539"},"modified":"2023-12-11T19:27:26","modified_gmt":"2023-12-11T22:27:26","slug":"if-baiano-e-conab-realizam-formacao-sobre-piacava-para-tecnicos-agricolas-e-secretarios-de-agricultura","status":"publish","type":"post","link":"https:\/\/www.ifbaiano.edu.br\/unidades\/valenca\/2023\/12\/11\/if-baiano-e-conab-realizam-formacao-sobre-piacava-para-tecnicos-agricolas-e-secretarios-de-agricultura\/","title":{"rendered":"IF Baiano e CONAB realizam forma\u00e7\u00e3o sobre Pia\u00e7ava para T\u00e9cnicos Agr\u00edcolas e Secret\u00e1rios de Agricultura"},"content":{"rendered":"\n<p>O evento que ocorreu dia 01\/12, na secretaria de Agricultura de Tapero\u00e1, reuniu representantes de Valen\u00e7a, Nilo Pe\u00e7anha e Tapero\u00e1<\/p>\n\n\n\n<figure class=\"wp-block-gallery has-nested-images columns-default is-cropped wp-block-gallery-1 is-layout-flex\">\n<figure class=\"wp-block-image size-large\"><a href=\"https:\/\/www.ifbaiano.edu.br\/unidades\/valenca\/files\/2023\/12\/conab_01_12_2023-2.jpeg\"><img decoding=\"async\" loading=\"lazy\" width=\"1024\" height=\"768\" data-id=\"9546\"  src=\"https:\/\/www.ifbaiano.edu.br\/unidades\/valenca\/files\/2023\/12\/conab_01_12_2023-2.jpeg\" alt=\"\" class=\"wp-image-9546\" \/><\/a><\/figure>\n\n\n\n<figure class=\"wp-block-image size-large\"><a href=\"https:\/\/www.ifbaiano.edu.br\/unidades\/valenca\/files\/2023\/12\/conab_01_12_2023-1.jpeg1_-1.jpeg\"><img decoding=\"async\" loading=\"lazy\" width=\"1600\" height=\"900\" data-id=\"9547\"  src=\"https:\/\/www.ifbaiano.edu.br\/unidades\/valenca\/files\/2023\/12\/conab_01_12_2023-1.jpeg1_-1.jpeg\" alt=\"\" class=\"wp-image-9547\" \/><\/a><\/figure>\n<\/figure>\n\n\n\n<p>Com o tema &#8220;Pol\u00edtica de Garantia de pre\u00e7os m\u00ednimos para os produtos da sociobiodiversidade (PGM_ BIO): Pia\u00e7ava&#8221;, o IF Baiano campus Valen\u00e7a e a Companhia Nacional de Abastecimento (CONAB) reuniram T\u00e9cnicos Agr\u00edcolas e Secret\u00e1rios de Agricultura  dos munic\u00edpios de Valen\u00e7a, Nilo Pe\u00e7anha e Tapero\u00e1 para a forma\u00e7\u00e3o ministrada pelos palestrantes Ianelli Sobral (CONAB) e Celso Sant&#8217;ana (CONAB). A palestra foi organizada pelas professoras Dra. C\u00e9lia Pedrosa (Coordenadora de Extens\u00e3o\/IFBAIANO) e Dra. Dislene Cardoso (Diretora Acad\u00eamica\/ IFBAIANO), com o apoio do Sr. Gerval Te\u00f3filo, na Secretaria de Agricultura de Tapero\u00e1.<\/p>\n\n\n\n<figure class=\"wp-block-image size-full is-resized\"><a href=\"https:\/\/www.ifbaiano.edu.br\/unidades\/valenca\/files\/2023\/12\/conab_01_12_2023-4.jpeg5_-4.jpeg\"><img decoding=\"async\" loading=\"lazy\" src=\"https:\/\/www.ifbaiano.edu.br\/unidades\/valenca\/files\/2023\/12\/conab_01_12_2023-4.jpeg5_-4.jpeg\" alt=\"\" class=\"wp-image-9556\" width=\"367\" height=\"206\" \/><\/a><\/figure>\n\n\n\n<figure class=\"wp-block-image size-full is-resized\"><a href=\"https:\/\/www.ifbaiano.edu.br\/unidades\/valenca\/files\/2023\/12\/conab_01_12_2023-4.jpeg2_-4.jpeg\"><img decoding=\"async\" loading=\"lazy\" src=\"https:\/\/www.ifbaiano.edu.br\/unidades\/valenca\/files\/2023\/12\/conab_01_12_2023-4.jpeg2_-4.jpeg\" alt=\"\" class=\"wp-image-9555\" width=\"194\" height=\"345\" \/><\/a><\/figure>\n","protected":false},"excerpt":{"rendered":"<p>O evento que ocorreu dia 01\/12, na secretaria de Agricultura de Tapero\u00e1, reuniu representantes de Valen\u00e7a, Nilo Pe\u00e7anha e Tapero\u00e1 Com o tema &#8220;Pol\u00edtica de Garantia de pre\u00e7os m\u00ednimos para os produtos da sociobiodiversidade (PGM_ BIO): Pia\u00e7ava&#8221;, o IF Baiano campus Valen\u00e7a e a Companhia Nacional de Abastecimento (CONAB) reuniram T\u00e9cnicos Agr\u00edcolas e Secret\u00e1rios de [&hellip;]<\/p>\n","protected":false},"author":171,"featured_media":9546,"comment_status":"open","ping_status":"open","sticky":false,"template":"","format":"standard","meta":[],"categories":[5,34,26,63],"tags":[],"_links":{"self":[{"href":"https:\/\/www.ifbaiano.edu.br\/unidades\/valenca\/wp-json\/wp\/v2\/posts\/9539"}],"collection":[{"href":"https:\/\/www.ifbaiano.edu.br\/unidades\/valenca\/wp-json\/wp\/v2\/posts"}],"about":[{"href":"https:\/\/www.ifbaiano.edu.br\/unidades\/valenca\/wp-json\/wp\/v2\/types\/post"}],"author":[{"embeddable":true,"href":"https:\/\/www.ifbaiano.edu.br\/unidades\/valenca\/wp-json\/wp\/v2\/users\/171"}],"replies":[{"embeddable":true,"href":"https:\/\/www.ifbaiano.edu.br\/unidades\/valenca\/wp-json\/wp\/v2\/comments?post=9539"}],"version-history":[{"count":1,"href":"https:\/\/www.ifbaiano.edu.br\/unidades\/valenca\/wp-json\/wp\/v2\/posts\/9539\/revisions"}],"predecessor-version":[{"id":9557,"href":"https:\/\/www.ifbaiano.edu.br\/unidades\/valenca\/wp-json\/wp\/v2\/posts\/9539\/revisions\/9557"}],"wp:featuredmedia":[{"embeddable":true,"href":"https:\/\/www.ifbaiano.edu.br\/unidades\/valenca\/wp-json\/wp\/v2\/media\/9546"}],"wp:attachment":[{"href":"https:\/\/www.ifbaiano.edu.br\/unidades\/valenca\/wp-json\/wp\/v2\/media?parent=9539"}],"wp:term":[{"taxonomy":"category","embeddable":true,"href":"https:\/\/www.ifbaiano.edu.br\/unidades\/valenca\/wp-json\/wp\/v2\/categories?post=9539"},{"taxonomy":"post_tag","embeddable":true,"href":"https:\/\/www.ifbaiano.edu.br\/unidades\/valenca\/wp-json\/wp\/v2\/tags?post=9539"}],"curies":[{"name":"wp","href":"https:\/\/api.w.org\/{rel}","templated":true}]}}