{"id":9572,"date":"2023-12-15T11:48:33","date_gmt":"2023-12-15T14:48:33","guid":{"rendered":"https:\/\/www.ifbaiano.edu.br\/unidades\/valenca\/?p=9572"},"modified":"2024-09-13T17:08:20","modified_gmt":"2024-09-13T20:08:20","slug":"campus-valenca-lanca-novo-edital-de-adesao-ao-programa-de-gestao-do-teletrabalho","status":"publish","type":"post","link":"https:\/\/www.ifbaiano.edu.br\/unidades\/valenca\/2023\/12\/15\/campus-valenca-lanca-novo-edital-de-adesao-ao-programa-de-gestao-do-teletrabalho\/","title":{"rendered":"Campus Valen\u00e7a lan\u00e7a novo edital de ades\u00e3o ao Programa de Gest\u00e3o do Teletrabalho"},"content":{"rendered":"\n<p>O edital \u00e9 de fluxo cont\u00ednuo com regime de execu\u00e7\u00e3o parcial e in\u00edcio previsto para 01 de fevereiro de 2024<\/p>\n\n\n\n<p><\/p>\n\n\n\n<p>O Diretor Geral do Instituto Federal de Educa\u00e7\u00e3o, Ci\u00eancia e Tecnologia Baiano \u2013&nbsp;<em>Campus&nbsp;<\/em>Valen\u00e7a, no uso das suas atribui\u00e7\u00f5es legais, conferidas pela Portaria n\u00ba 286, de&nbsp;18\/03\/2022, publicada no Di\u00e1rio O\ufb01cial da Uni\u00e3o de&nbsp;21\/03\/2022, e de acordo com as disposi\u00e7\u00f5es contidas na Lei n\u00ba 11.892, de&nbsp;29\/12\/2008, e na Lei n\u00ba 8.112\/1990 e, tendo em vista a Resolu\u00e7\u00e3o CONSUP 182\/2022 \u2013 OS-CONSUP\/IF BAIANO, de&nbsp;1 de fevereiro&nbsp;de 2022, que aprova o Programa de Gest\u00e3o do Teletrabalho no \u00e2mbito do IF Baiano, em especial na modalidade teletrabalho, no \u00e2mbito do IF Baiano, Resolu\u00e7\u00e3o 225\/2022 \u2013 OS-CONSUP\/IFBAIANO, de&nbsp;3 de agosto&nbsp;de 2022, que aprova a altera\u00e7\u00e3o do Programa de Gest\u00e3o do Teletrabalho, e conforme disposi\u00e7\u00f5es contidas na Portaria 02\/2022\/RET-SCS\/RET-GA, de&nbsp;18 de fevereiro&nbsp;de 2022 e Nota T\u00e9cnica SEI 32923\/2021\/ME, torna p\u00fablico o EDITAL 02\/2023 PARA ADES\u00c3O AO PROGRAMA DE GEST\u00c3O DO TELETRABALHO \u2013 FLUXO CONT\u00cdNUO \u2013 REGIME DE EXECU\u00c7\u00c3O PARCIAL para os servidores lotados no&nbsp;<em>Campus&nbsp;<\/em>Valen\u00e7a com in\u00edcio previsto para&nbsp;01 de fevereiro&nbsp;de 2024.<\/p>\n\n\n\n<div class=\"wp-block-group is-layout-constrained\"><div class=\"wp-block-group__inner-container\">\n<p>Editais e documentos<\/p>\n<\/div><\/div>\n\n\n\n<p>Acesse o edital: <\/p>\n\n\n\n<p><\/p>\n\n\n\n<p><\/p>\n\n\n\n<p><\/p>\n\n\n\n<div class=\"wp-block-file\"><a id=\"wp-block-file--media-4912cf19-09aa-47a6-ac0b-6e097f353581\" href=\"https:\/\/www.ifbaiano.edu.br\/unidades\/valenca\/files\/2024\/09\/CHAMADA-PUBLICA-TELETRABALHO-IFBAIANO-CAMPUS-VALENCA.pdf\">CHAMADA-PUBLICA-TELETRABALHO-IFBAIANO-CAMPUS-VALENCA   (NOVO)<\/a><\/div>\n\n\n\n<div class=\"wp-block-file\"><a id=\"wp-block-file--media-9897b9aa-bf92-4804-b380-0b33b47f7e66\" href=\"https:\/\/www.ifbaiano.edu.br\/unidades\/valenca\/files\/2023\/12\/EDITAL-No-02-DE-12-DEZEMBRO-DE-2023_TELETRABALHO.pdf\">EDITAL-No-02-DE-12-DEZEMBRO-DE-2023_TELETRABALHO<\/a><\/div>\n\n\n\n<div class=\"wp-block-file\"><a id=\"wp-block-file--media-4db88c12-1ed0-4410-a9d7-0350da590bfe\" href=\"https:\/\/www.ifbaiano.edu.br\/unidades\/valenca\/files\/2023\/12\/RESULTADO-DOS-RECURSOS-DA-FASE-DE-IMPUGNACAO-DO-EDITAL-02-2023.pdf\">RESULTADO-DOS-RECURSOS-DA-FASE-DE-IMPUGNACAO-DO-EDITAL-02-2023<\/a><\/div>\n\n\n\n<div class=\"wp-block-file\"><a id=\"wp-block-file--media-d7081dd1-71ba-474b-82b0-79653e17db1e\" href=\"https:\/\/www.ifbaiano.edu.br\/unidades\/valenca\/files\/2023\/12\/EditalN02-12-12_teletrabalho_comRetificacaodoCronograma.pdf\">EditalN02-12-12_teletrabalho_comRetificacaodoCronograma<\/a><\/div>\n\n\n\n<p><a href=\"https:\/\/www.ifbaiano.edu.br\/unidades\/valenca\/files\/2023\/12\/RESULTADO-PRELIMINAR-DAS-INCRICOES-DO-TELETRABALHO-EDITAL-02-2023-DO-CAMPUS-VALENCA.pdf\" data-type=\"URL\" data-id=\"https:\/\/www.ifbaiano.edu.br\/unidades\/valenca\/files\/2023\/12\/RESULTADO-PRELIMINAR-DAS-INCRICOES-DO-TELETRABALHO-EDITAL-02-2023-DO-CAMPUS-VALENCA.pdf\" target=\"_blank\" rel=\"noreferrer noopener\">Resultado Preliminar das Inscri\u00e7\u00f5es &#8211; Edital Teletrabalho 02\/2023<\/a><\/p>\n\n\n\n<p><a rel=\"noreferrer noopener\" href=\"https:\/\/www.ifbaiano.edu.br\/unidades\/valenca\/files\/2024\/01\/Divulgacao-do-julgamento-de-recursos-contra-o-resultado-preliminar-das-inscricoes-edital-do-02-2022-do-Teletrabalho.pdf\" data-type=\"URL\" data-id=\"https:\/\/www.ifbaiano.edu.br\/unidades\/valenca\/files\/2024\/01\/Divulgacao-do-julgamento-de-recursos-contra-o-resultado-preliminar-das-inscricoes-edital-do-02-2022-do-Teletrabalho.pdf\" target=\"_blank\">Julgamento de Recursos Contra o Resultado Preliminar das Inscri\u00e7\u00f5es<\/a><\/p>\n\n\n\n<p><a rel=\"noreferrer noopener\" href=\"https:\/\/www.ifbaiano.edu.br\/unidades\/valenca\/files\/2024\/01\/RESULTADO-PRELIMINAR-DE-CLASSIFICACAO-INCRICOES-DO-TELETRABALHO-EDITAL-02-2023-DO-CAMPUS-VALENCA.pdf\" data-type=\"URL\" data-id=\"https:\/\/www.ifbaiano.edu.br\/unidades\/valenca\/files\/2024\/01\/RESULTADO-PRELIMINAR-DE-CLASSIFICACAO-INCRICOES-DO-TELETRABALHO-EDITAL-02-2023-DO-CAMPUS-VALENCA.pdf\" target=\"_blank\">Resultado Preliminar das Inscri\u00e7\u00f5es<\/a><\/p>\n\n\n\n<p><a href=\"https:\/\/www.ifbaiano.edu.br\/unidades\/valenca\/files\/2024\/01\/Publicacao-1-Divulgacao-do-julgamento-de-recursos-contra-o-resultado-de-classificacao-das-inscricoes-edital-do-02-2022-do-Teletrabalho.pdf\" data-type=\"URL\" data-id=\"https:\/\/www.ifbaiano.edu.br\/unidades\/valenca\/files\/2024\/01\/Publicacao-1-Divulgacao-do-julgamento-de-recursos-contra-o-resultado-de-classificacao-das-inscricoes-edital-do-02-2022-do-Teletrabalho.pdf\" target=\"_blank\" rel=\"noreferrer noopener\">Julgamento de Recursos Contra o Resultado de Classifica\u00e7\u00e3o das Inscri\u00e7\u00f5es<\/a><\/p>\n\n\n\n<p><a href=\"https:\/\/www.ifbaiano.edu.br\/unidades\/valenca\/files\/2024\/01\/Publicacao-2-HOMOLOGACAO-DO-RESULTADO-FINAL-INCRICOES-DO-TELETRABALHO-EDITAL-02-2023-DO-CAMPUS-VALENCA.pdf\" data-type=\"URL\" data-id=\"https:\/\/www.ifbaiano.edu.br\/unidades\/valenca\/files\/2024\/01\/Publicacao-2-HOMOLOGACAO-DO-RESULTADO-FINAL-INCRICOES-DO-TELETRABALHO-EDITAL-02-2023-DO-CAMPUS-VALENCA.pdf\" target=\"_blank\" rel=\"noreferrer noopener\">Homologa\u00e7\u00e3o do Resultado Final<\/a><\/p>\n","protected":false},"excerpt":{"rendered":"<p>O edital \u00e9 de fluxo cont\u00ednuo com regime de execu\u00e7\u00e3o parcial e in\u00edcio previsto para 01 de fevereiro de 2024 O Diretor Geral do Instituto Federal de Educa\u00e7\u00e3o, Ci\u00eancia e Tecnologia Baiano \u2013&nbsp;Campus&nbsp;Valen\u00e7a, no uso das suas atribui\u00e7\u00f5es legais, conferidas pela Portaria n\u00ba 286, de&nbsp;18\/03\/2022, publicada no Di\u00e1rio O\ufb01cial da Uni\u00e3o de&nbsp;21\/03\/2022, e de acordo [&hellip;]<\/p>\n","protected":false},"author":171,"featured_media":0,"comment_status":"open","ping_status":"open","sticky":false,"template":"","format":"standard","meta":[],"categories":[5,35,36,63],"tags":[71,64],"_links":{"self":[{"href":"https:\/\/www.ifbaiano.edu.br\/unidades\/valenca\/wp-json\/wp\/v2\/posts\/9572"}],"collection":[{"href":"https:\/\/www.ifbaiano.edu.br\/unidades\/valenca\/wp-json\/wp\/v2\/posts"}],"about":[{"href":"https:\/\/www.ifbaiano.edu.br\/unidades\/valenca\/wp-json\/wp\/v2\/types\/post"}],"author":[{"embeddable":true,"href":"https:\/\/www.ifbaiano.edu.br\/unidades\/valenca\/wp-json\/wp\/v2\/users\/171"}],"replies":[{"embeddable":true,"href":"https:\/\/www.ifbaiano.edu.br\/unidades\/valenca\/wp-json\/wp\/v2\/comments?post=9572"}],"version-history":[{"count":12,"href":"https:\/\/www.ifbaiano.edu.br\/unidades\/valenca\/wp-json\/wp\/v2\/posts\/9572\/revisions"}],"predecessor-version":[{"id":9895,"href":"https:\/\/www.ifbaiano.edu.br\/unidades\/valenca\/wp-json\/wp\/v2\/posts\/9572\/revisions\/9895"}],"wp:attachment":[{"href":"https:\/\/www.ifbaiano.edu.br\/unidades\/valenca\/wp-json\/wp\/v2\/media?parent=9572"}],"wp:term":[{"taxonomy":"category","embeddable":true,"href":"https:\/\/www.ifbaiano.edu.br\/unidades\/valenca\/wp-json\/wp\/v2\/categories?post=9572"},{"taxonomy":"post_tag","embeddable":true,"href":"https:\/\/www.ifbaiano.edu.br\/unidades\/valenca\/wp-json\/wp\/v2\/tags?post=9572"}],"curies":[{"name":"wp","href":"https:\/\/api.w.org\/{rel}","templated":true}]}}