{"id":958,"date":"2011-10-31T14:32:07","date_gmt":"2011-10-31T14:32:07","guid":{"rendered":"http:\/\/www.ifbaiano.edu.br\/unidades\/valenca\/?p=958"},"modified":"2011-10-31T14:32:07","modified_gmt":"2011-10-31T14:32:07","slug":"pro-reitoria-de-pesquisa-e-inovacao-divulga-edital-propes-022011-2","status":"publish","type":"post","link":"https:\/\/www.ifbaiano.edu.br\/unidades\/valenca\/2011\/10\/31\/pro-reitoria-de-pesquisa-e-inovacao-divulga-edital-propes-022011-2\/","title":{"rendered":"Pr\u00f3-Reitoria de Pesquisa e Inova\u00e7\u00e3o divulga Edital PROPES 02\/2011"},"content":{"rendered":"<p>\u00a0A Pr\u00f3-Reitoria de Pesquisa e Inova\u00e7\u00e3o torna p\u00fablico o Edital PROPES 02-2011 e convida os interessados a apresentarem projetos de pesquisa, no \u00e2mbito do Programa de Est\u00edmulo a Pesquisa do IF Baiano, o qual tem por objetivo fomentar atividades institucionais de pesquisa cient\u00edfica, tecnol\u00f3gica e de inova\u00e7\u00e3o nas diversas \u00e1reas do conhecimento.<\/p>\n<p>A data limite para envio eletr\u00f4nico das propostas \u00e9 at\u00e9 dia 17 de novembro de 2001.<\/p>\n<p>Informa\u00e7\u00f5es em <a href=\"http:\/\/www.ifbaiano.edu.br\">www.ifbaiano.edu.br<\/a><\/p>\n","protected":false},"excerpt":{"rendered":"<p>\u00a0A Pr\u00f3-Reitoria de Pesquisa e Inova\u00e7\u00e3o torna p\u00fablico o Edital PROPES 02-2011 e convida os interessados a apresentarem projetos de pesquisa, no \u00e2mbito do Programa de Est\u00edmulo a Pesquisa do IF Baiano, o qual tem por objetivo fomentar atividades institucionais de pesquisa cient\u00edfica, tecnol\u00f3gica e de inova\u00e7\u00e3o nas diversas \u00e1reas do conhecimento. A data limite [&hellip;]<\/p>\n","protected":false},"author":6,"featured_media":0,"comment_status":"open","ping_status":"open","sticky":false,"template":"","format":"standard","meta":[],"categories":[35,29],"tags":[],"_links":{"self":[{"href":"https:\/\/www.ifbaiano.edu.br\/unidades\/valenca\/wp-json\/wp\/v2\/posts\/958"}],"collection":[{"href":"https:\/\/www.ifbaiano.edu.br\/unidades\/valenca\/wp-json\/wp\/v2\/posts"}],"about":[{"href":"https:\/\/www.ifbaiano.edu.br\/unidades\/valenca\/wp-json\/wp\/v2\/types\/post"}],"author":[{"embeddable":true,"href":"https:\/\/www.ifbaiano.edu.br\/unidades\/valenca\/wp-json\/wp\/v2\/users\/6"}],"replies":[{"embeddable":true,"href":"https:\/\/www.ifbaiano.edu.br\/unidades\/valenca\/wp-json\/wp\/v2\/comments?post=958"}],"version-history":[{"count":1,"href":"https:\/\/www.ifbaiano.edu.br\/unidades\/valenca\/wp-json\/wp\/v2\/posts\/958\/revisions"}],"predecessor-version":[{"id":959,"href":"https:\/\/www.ifbaiano.edu.br\/unidades\/valenca\/wp-json\/wp\/v2\/posts\/958\/revisions\/959"}],"wp:attachment":[{"href":"https:\/\/www.ifbaiano.edu.br\/unidades\/valenca\/wp-json\/wp\/v2\/media?parent=958"}],"wp:term":[{"taxonomy":"category","embeddable":true,"href":"https:\/\/www.ifbaiano.edu.br\/unidades\/valenca\/wp-json\/wp\/v2\/categories?post=958"},{"taxonomy":"post_tag","embeddable":true,"href":"https:\/\/www.ifbaiano.edu.br\/unidades\/valenca\/wp-json\/wp\/v2\/tags?post=958"}],"curies":[{"name":"wp","href":"https:\/\/api.w.org\/{rel}","templated":true}]}}