{"id":960,"date":"2011-10-31T14:35:40","date_gmt":"2011-10-31T14:35:40","guid":{"rendered":"http:\/\/www.ifbaiano.edu.br\/unidades\/valenca\/?p=960"},"modified":"2011-10-31T14:36:34","modified_gmt":"2011-10-31T14:36:34","slug":"campus-valenca-divulga-resultado-da-selecao-apoio-a-qualificacao-para-servidores-%e2%80%93-edital-n-022011","status":"publish","type":"post","link":"https:\/\/www.ifbaiano.edu.br\/unidades\/valenca\/2011\/10\/31\/campus-valenca-divulga-resultado-da-selecao-apoio-a-qualificacao-para-servidores-%e2%80%93-edital-n-022011\/","title":{"rendered":"Campus Valen\u00e7a divulga resultado da Sele\u00e7\u00e3o Apoio \u00e0 Qualifica\u00e7\u00e3o para Servidores \u2013 Edital N\u00ba 02\/2011"},"content":{"rendered":"<div>O <em>Campus<\/em> Valen\u00e7a divulga resultado da sele\u00e7\u00e3o para<strong> <\/strong>o<strong> <\/strong>Programa de\u00a0 Apoio \u00e0 Qualifica\u00e7\u00e3o de Servidores (Edital n\u00ba 02\/2011).\u00a0<\/div>\n<div>\n<p>\u00a0Acesse <a href=\"http:\/\/www.ifbaiano.edu.br\/unidades\/valenca\/files\/2011\/10\/RESULTADO-APOIO-\u00c0-QUALIFICA\u00c7\u00c3O-EDITAL-02.pdf\">aqui<\/a>\u00a0o resultado.<\/p>\n<\/div>\n","protected":false},"excerpt":{"rendered":"<p>O Campus Valen\u00e7a divulga resultado da sele\u00e7\u00e3o para o Programa de\u00a0 Apoio \u00e0 Qualifica\u00e7\u00e3o de Servidores (Edital n\u00ba 02\/2011).\u00a0 \u00a0Acesse aqui\u00a0o resultado.<\/p>\n","protected":false},"author":6,"featured_media":0,"comment_status":"open","ping_status":"open","sticky":false,"template":"","format":"standard","meta":[],"categories":[8,32],"tags":[],"_links":{"self":[{"href":"https:\/\/www.ifbaiano.edu.br\/unidades\/valenca\/wp-json\/wp\/v2\/posts\/960"}],"collection":[{"href":"https:\/\/www.ifbaiano.edu.br\/unidades\/valenca\/wp-json\/wp\/v2\/posts"}],"about":[{"href":"https:\/\/www.ifbaiano.edu.br\/unidades\/valenca\/wp-json\/wp\/v2\/types\/post"}],"author":[{"embeddable":true,"href":"https:\/\/www.ifbaiano.edu.br\/unidades\/valenca\/wp-json\/wp\/v2\/users\/6"}],"replies":[{"embeddable":true,"href":"https:\/\/www.ifbaiano.edu.br\/unidades\/valenca\/wp-json\/wp\/v2\/comments?post=960"}],"version-history":[{"count":3,"href":"https:\/\/www.ifbaiano.edu.br\/unidades\/valenca\/wp-json\/wp\/v2\/posts\/960\/revisions"}],"predecessor-version":[{"id":963,"href":"https:\/\/www.ifbaiano.edu.br\/unidades\/valenca\/wp-json\/wp\/v2\/posts\/960\/revisions\/963"}],"wp:attachment":[{"href":"https:\/\/www.ifbaiano.edu.br\/unidades\/valenca\/wp-json\/wp\/v2\/media?parent=960"}],"wp:term":[{"taxonomy":"category","embeddable":true,"href":"https:\/\/www.ifbaiano.edu.br\/unidades\/valenca\/wp-json\/wp\/v2\/categories?post=960"},{"taxonomy":"post_tag","embeddable":true,"href":"https:\/\/www.ifbaiano.edu.br\/unidades\/valenca\/wp-json\/wp\/v2\/tags?post=960"}],"curies":[{"name":"wp","href":"https:\/\/api.w.org\/{rel}","templated":true}]}}