{"id":9630,"date":"2024-02-05T10:47:33","date_gmt":"2024-02-05T13:47:33","guid":{"rendered":"https:\/\/www.ifbaiano.edu.br\/unidades\/valenca\/?p=9630"},"modified":"2024-02-05T10:47:35","modified_gmt":"2024-02-05T13:47:35","slug":"convocacao-de-candidata-discente-para-o-nucleo-do-prp-if-baiano-valenca","status":"publish","type":"post","link":"https:\/\/www.ifbaiano.edu.br\/unidades\/valenca\/2024\/02\/05\/convocacao-de-candidata-discente-para-o-nucleo-do-prp-if-baiano-valenca\/","title":{"rendered":"Convoca\u00e7\u00e3o de candidata discente para o n\u00facleo do PRP IF Baiano Valen\u00e7a"},"content":{"rendered":"\n<p><\/p>\n\n\n\n<p>A Coordena\u00e7\u00e3o Institucional do Programa Resid\u00eancia Pedag\u00f3gica do Instituto Federal de Educa\u00e7\u00e3o, Ci\u00eancia e Tecnologia Baiano convoca, em raz\u00e3o de decis\u00e3o judicial referente ao processo 1102095-17.2023.4.01.3300, a candidata classificada no <a rel=\"noreferrer noopener\" href=\"https:\/\/concurso.ifbaiano.edu.br\/portal\/selecao-discentes-licenciaturas-programa-residencia-pedagogica-setembro-2022\/wp-content\/uploads\/sites\/677\/2022\/09\/Edital_Residentes.pdf\" data-type=\"URL\" data-id=\"https:\/\/concurso.ifbaiano.edu.br\/portal\/selecao-discentes-licenciaturas-programa-residencia-pedagogica-setembro-2022\/wp-content\/uploads\/sites\/677\/2022\/09\/Edital_Residentes.pdf\" target=\"_blank\">Edital n\u00ba 173, de\u00a022 de setembro\u00a0de 2022<\/a>, Kassia de Oliveira Concei\u00e7\u00e3o, para atuar na condi\u00e7\u00e3o de discente bolsista.<br><br><\/p>\n","protected":false},"excerpt":{"rendered":"<p>A Coordena\u00e7\u00e3o Institucional do Programa Resid\u00eancia Pedag\u00f3gica do Instituto Federal de Educa\u00e7\u00e3o, Ci\u00eancia e Tecnologia Baiano convoca, em raz\u00e3o de decis\u00e3o judicial referente ao processo 1102095-17.2023.4.01.3300, a candidata classificada no Edital n\u00ba 173, de\u00a022 de setembro\u00a0de 2022, Kassia de Oliveira Concei\u00e7\u00e3o, para atuar na condi\u00e7\u00e3o de discente bolsista.<\/p>\n","protected":false},"author":171,"featured_media":0,"comment_status":"open","ping_status":"open","sticky":false,"template":"","format":"standard","meta":[],"categories":[33,4,60,35,36,10,32],"tags":[],"_links":{"self":[{"href":"https:\/\/www.ifbaiano.edu.br\/unidades\/valenca\/wp-json\/wp\/v2\/posts\/9630"}],"collection":[{"href":"https:\/\/www.ifbaiano.edu.br\/unidades\/valenca\/wp-json\/wp\/v2\/posts"}],"about":[{"href":"https:\/\/www.ifbaiano.edu.br\/unidades\/valenca\/wp-json\/wp\/v2\/types\/post"}],"author":[{"embeddable":true,"href":"https:\/\/www.ifbaiano.edu.br\/unidades\/valenca\/wp-json\/wp\/v2\/users\/171"}],"replies":[{"embeddable":true,"href":"https:\/\/www.ifbaiano.edu.br\/unidades\/valenca\/wp-json\/wp\/v2\/comments?post=9630"}],"version-history":[{"count":1,"href":"https:\/\/www.ifbaiano.edu.br\/unidades\/valenca\/wp-json\/wp\/v2\/posts\/9630\/revisions"}],"predecessor-version":[{"id":9631,"href":"https:\/\/www.ifbaiano.edu.br\/unidades\/valenca\/wp-json\/wp\/v2\/posts\/9630\/revisions\/9631"}],"wp:attachment":[{"href":"https:\/\/www.ifbaiano.edu.br\/unidades\/valenca\/wp-json\/wp\/v2\/media?parent=9630"}],"wp:term":[{"taxonomy":"category","embeddable":true,"href":"https:\/\/www.ifbaiano.edu.br\/unidades\/valenca\/wp-json\/wp\/v2\/categories?post=9630"},{"taxonomy":"post_tag","embeddable":true,"href":"https:\/\/www.ifbaiano.edu.br\/unidades\/valenca\/wp-json\/wp\/v2\/tags?post=9630"}],"curies":[{"name":"wp","href":"https:\/\/api.w.org\/{rel}","templated":true}]}}