{"id":9632,"date":"2024-02-27T16:34:08","date_gmt":"2024-02-27T19:34:08","guid":{"rendered":"https:\/\/www.ifbaiano.edu.br\/unidades\/valenca\/?p=9632"},"modified":"2024-02-28T14:47:36","modified_gmt":"2024-02-28T17:47:36","slug":"edital-do-pregao-eletronico-01-2024","status":"publish","type":"post","link":"https:\/\/www.ifbaiano.edu.br\/unidades\/valenca\/2024\/02\/27\/edital-do-pregao-eletronico-01-2024\/","title":{"rendered":"Edital do Preg\u00e3o Eletr\u00f4nico &#8211; 01\/2024"},"content":{"rendered":"\n<p>Contrata\u00e7\u00e3o de Solu\u00e7\u00e3o de Outsourcing de Impress\u00e3o <\/p>\n\n\n\n<p>Campus Valen\u00e7a lan\u00e7a edital do preg\u00e3o 01\/2024 &#8211; <strong>Contrata\u00e7\u00e3o de Solu\u00e7\u00e3o de Outsourcing de Impress\u00e3o <\/strong>compreendendo a cess\u00e3o de direito de uso de equipamentos multifuncionais, incluindo a presta\u00e7\u00e3o de servi\u00e7os de manuten\u00e7\u00e3o preventiva e corretiva com o fornecimento e instala\u00e7\u00e3o de sistema de gerenciamento de impress\u00f5es efetivamente realizadas, monitoramento on-line, fornecimento de pe\u00e7as e suprimentos necess\u00e1rios (SEM PAPEL), para atender a demandas do Instituto Federal de Educa\u00e7\u00e3o, Ci\u00eancia e Tecnologia Baiano- Campus Valen\u00e7a. <\/p>\n\n\n\n<p>Acesse o edital: <\/p>\n\n\n\n<div class=\"wp-block-file\"><a id=\"wp-block-file--media-ed9e4e3b-9b83-41ef-af8e-366f04a17548\" href=\"https:\/\/www.ifbaiano.edu.br\/unidades\/valenca\/files\/2024\/02\/Edital_Pregao_eletronico-3.pdf\">Edital_Pregao_eletronico-3<\/a><\/div>\n\n\n\n<p><\/p>\n\n\n\n<p><\/p>\n","protected":false},"excerpt":{"rendered":"<p>Contrata\u00e7\u00e3o de Solu\u00e7\u00e3o de Outsourcing de Impress\u00e3o Campus Valen\u00e7a lan\u00e7a edital do preg\u00e3o 01\/2024 &#8211; Contrata\u00e7\u00e3o de Solu\u00e7\u00e3o de Outsourcing de Impress\u00e3o compreendendo a cess\u00e3o de direito de uso de equipamentos multifuncionais, incluindo a presta\u00e7\u00e3o de servi\u00e7os de manuten\u00e7\u00e3o preventiva e corretiva com o fornecimento e instala\u00e7\u00e3o de sistema de gerenciamento de impress\u00f5es efetivamente realizadas, [&hellip;]<\/p>\n","protected":false},"author":171,"featured_media":0,"comment_status":"open","ping_status":"open","sticky":true,"template":"","format":"standard","meta":[],"categories":[63],"tags":[],"_links":{"self":[{"href":"https:\/\/www.ifbaiano.edu.br\/unidades\/valenca\/wp-json\/wp\/v2\/posts\/9632"}],"collection":[{"href":"https:\/\/www.ifbaiano.edu.br\/unidades\/valenca\/wp-json\/wp\/v2\/posts"}],"about":[{"href":"https:\/\/www.ifbaiano.edu.br\/unidades\/valenca\/wp-json\/wp\/v2\/types\/post"}],"author":[{"embeddable":true,"href":"https:\/\/www.ifbaiano.edu.br\/unidades\/valenca\/wp-json\/wp\/v2\/users\/171"}],"replies":[{"embeddable":true,"href":"https:\/\/www.ifbaiano.edu.br\/unidades\/valenca\/wp-json\/wp\/v2\/comments?post=9632"}],"version-history":[{"count":4,"href":"https:\/\/www.ifbaiano.edu.br\/unidades\/valenca\/wp-json\/wp\/v2\/posts\/9632\/revisions"}],"predecessor-version":[{"id":9642,"href":"https:\/\/www.ifbaiano.edu.br\/unidades\/valenca\/wp-json\/wp\/v2\/posts\/9632\/revisions\/9642"}],"wp:attachment":[{"href":"https:\/\/www.ifbaiano.edu.br\/unidades\/valenca\/wp-json\/wp\/v2\/media?parent=9632"}],"wp:term":[{"taxonomy":"category","embeddable":true,"href":"https:\/\/www.ifbaiano.edu.br\/unidades\/valenca\/wp-json\/wp\/v2\/categories?post=9632"},{"taxonomy":"post_tag","embeddable":true,"href":"https:\/\/www.ifbaiano.edu.br\/unidades\/valenca\/wp-json\/wp\/v2\/tags?post=9632"}],"curies":[{"name":"wp","href":"https:\/\/api.w.org\/{rel}","templated":true}]}}