{"id":9648,"date":"2024-03-05T19:34:17","date_gmt":"2024-03-05T22:34:17","guid":{"rendered":"https:\/\/www.ifbaiano.edu.br\/unidades\/valenca\/?p=9648"},"modified":"2024-03-06T10:38:23","modified_gmt":"2024-03-06T13:38:23","slug":"convocacao-para-a-renovacao-de-matricula-2023-2-cursos-subsequentes","status":"publish","type":"post","link":"https:\/\/www.ifbaiano.edu.br\/unidades\/valenca\/2024\/03\/05\/convocacao-para-a-renovacao-de-matricula-2023-2-cursos-subsequentes\/","title":{"rendered":"Convoca\u00e7\u00e3o para a renova\u00e7\u00e3o de matr\u00edcula 2023.2 \u2013 Cursos subsequentes"},"content":{"rendered":"\n<p>Rematr\u00edcula acontece nos dias 6, 7 e 8 de mar\u00e7o de 2024, de forma presencial ou via SUAP<\/p>\n\n\n\n<p>A Secretaria de Registros Acad\u00eamicos do IF Baiano \u2013\u00a0<em>Campus\u00a0<\/em>Valen\u00e7a convoca todos os discentes dos cursos subsequentes na modalidade presencial para a renova\u00e7\u00e3o da matr\u00edcula para o ano\/semestre letivo de 2023.2.<\/p>\n\n\n\n<p>Para os estudantes que ir\u00e3o&nbsp;renovar a matr\u00edcula para as turmas dos cursos subsequentes, o processo ser\u00e1 presencial ou via<strong>&nbsp;<\/strong><a rel=\"noreferrer noopener\" href=\"https:\/\/suap.ifbaiano.edu.br\/\" target=\"_blank\">Sistema Unificado de Administra\u00e7\u00e3o P\u00fablica \u2013 SUAP<\/a>, conforme orienta\u00e7\u00e3o do edital, no&nbsp;<strong>per\u00edodo de 6, 7 e 8 de mar\u00e7o&nbsp;de 202<\/strong>4.<\/p>\n\n\n\n<p>Aqueles que apresentam alguma pend\u00eancia com os setores CAE e Biblioteca&nbsp;dever\u00e3o regularizar antes de efetivarem a matr\u00edcula.&nbsp;<\/p>\n\n\n\n<p>Para mais detalhes, confira o edital.<\/p>\n\n\n\n<div class=\"wp-block-file\"><a id=\"wp-block-file--media-91a57087-84c3-4bcd-8291-8ec63b222f5b\" href=\"https:\/\/www.ifbaiano.edu.br\/unidades\/valenca\/files\/2024\/03\/Edital-de-Renovacao-de-Matricula-2023.2-Subsequentes.pdf\">Edital-de-Renovacao-de-Matricula-2023.2-Subsequentes<\/a><\/div>\n","protected":false},"excerpt":{"rendered":"<p>Rematr\u00edcula acontece nos dias 6, 7 e 8 de mar\u00e7o de 2024, de forma presencial ou via SUAP A Secretaria de Registros Acad\u00eamicos do IF Baiano \u2013\u00a0Campus\u00a0Valen\u00e7a convoca todos os discentes dos cursos subsequentes na modalidade presencial para a renova\u00e7\u00e3o da matr\u00edcula para o ano\/semestre letivo de 2023.2. Para os estudantes que ir\u00e3o&nbsp;renovar a matr\u00edcula [&hellip;]<\/p>\n","protected":false},"author":171,"featured_media":0,"comment_status":"open","ping_status":"open","sticky":true,"template":"","format":"standard","meta":[],"categories":[47,5,36,10],"tags":[],"_links":{"self":[{"href":"https:\/\/www.ifbaiano.edu.br\/unidades\/valenca\/wp-json\/wp\/v2\/posts\/9648"}],"collection":[{"href":"https:\/\/www.ifbaiano.edu.br\/unidades\/valenca\/wp-json\/wp\/v2\/posts"}],"about":[{"href":"https:\/\/www.ifbaiano.edu.br\/unidades\/valenca\/wp-json\/wp\/v2\/types\/post"}],"author":[{"embeddable":true,"href":"https:\/\/www.ifbaiano.edu.br\/unidades\/valenca\/wp-json\/wp\/v2\/users\/171"}],"replies":[{"embeddable":true,"href":"https:\/\/www.ifbaiano.edu.br\/unidades\/valenca\/wp-json\/wp\/v2\/comments?post=9648"}],"version-history":[{"count":2,"href":"https:\/\/www.ifbaiano.edu.br\/unidades\/valenca\/wp-json\/wp\/v2\/posts\/9648\/revisions"}],"predecessor-version":[{"id":9655,"href":"https:\/\/www.ifbaiano.edu.br\/unidades\/valenca\/wp-json\/wp\/v2\/posts\/9648\/revisions\/9655"}],"wp:attachment":[{"href":"https:\/\/www.ifbaiano.edu.br\/unidades\/valenca\/wp-json\/wp\/v2\/media?parent=9648"}],"wp:term":[{"taxonomy":"category","embeddable":true,"href":"https:\/\/www.ifbaiano.edu.br\/unidades\/valenca\/wp-json\/wp\/v2\/categories?post=9648"},{"taxonomy":"post_tag","embeddable":true,"href":"https:\/\/www.ifbaiano.edu.br\/unidades\/valenca\/wp-json\/wp\/v2\/tags?post=9648"}],"curies":[{"name":"wp","href":"https:\/\/api.w.org\/{rel}","templated":true}]}}