{"id":965,"date":"2011-11-01T15:56:35","date_gmt":"2011-11-01T15:56:35","guid":{"rendered":"http:\/\/www.ifbaiano.edu.br\/unidades\/valenca\/?p=965"},"modified":"2011-11-01T15:56:35","modified_gmt":"2011-11-01T15:56:35","slug":"proex-convoca-interessados-em-propor-projetos-de-extensao-orientados-a-inclusao-digital","status":"publish","type":"post","link":"https:\/\/www.ifbaiano.edu.br\/unidades\/valenca\/2011\/11\/01\/proex-convoca-interessados-em-propor-projetos-de-extensao-orientados-a-inclusao-digital\/","title":{"rendered":"PROEX convoca interessados em propor Projetos de Extens\u00e3o orientados \u00e0 inclus\u00e3o digital"},"content":{"rendered":"<p>A <strong>PROEX<\/strong>, Pr\u00f3-Reitoria de Extens\u00e3o do IFBaiano, CONVOCA os professores interessados em propor projetos que se enquadrem aos pr\u00e9-requisitos da <strong>Chamada P\u00fablica n.\u00ba 01\/2011<\/strong> que trata sobre o Apoio \u00e0 Capacita\u00e7\u00e3o no Uso das Tecnologias da Informa\u00e7\u00e3o e Comunica\u00e7\u00e3o para a Juventude Rural; publicado pelo Minist\u00e9rio das Comunica\u00e7\u00f5es, atrav\u00e9s da Secretaria de Inclus\u00e3o Digital.<\/p>\n<p>Os projetos podem concorrer em uma das tr\u00eas linhas tem\u00e1ticas abaixo relacionadas:<\/p>\n<p>\u00b7 Linha Tem\u00e1tica 01: TIC direcionadas \u00e0 Educa\u00e7\u00e3o do Campo<\/p>\n<p>\u00b7 Linha Tem\u00e1tica 02: TIC direcionadas \u00e0 Gest\u00e3o e Comercializa\u00e7\u00e3o da Produ\u00e7\u00e3o na Agricultura Familiar<\/p>\n<p>\u00b7 Linha Tem\u00e1tica 03: TIC direcionadas \u00e0 Comunica\u00e7\u00e3o Digital nas \u00c1reas Rurais<\/p>\n<p>&nbsp;<\/p>\n<table border=\"1\" cellspacing=\"0\" cellpadding=\"0\">\n<tbody>\n<tr>\n<td valign=\"top\" width=\"480\"><strong>A\u00c7\u00c3O<\/strong><\/td>\n<td valign=\"top\" width=\"97\"><strong>\u00a0DATA<\/strong><\/td>\n<\/tr>\n<tr>\n<td valign=\"top\" width=\"480\">Encaminhamento das propostas de projeto para a PROEX.\u00a0<strong>\u00a0<\/strong><\/td>\n<td valign=\"top\" width=\"97\">03\/11\/2011<strong><\/strong><\/td>\n<\/tr>\n<tr>\n<td valign=\"top\" width=\"480\">Divulga\u00e7\u00e3o das propostas selecionadas e devolu\u00e7\u00e3o aos proponentes para adequa\u00e7\u00f5es, caso necess\u00e1rio.<\/td>\n<td valign=\"top\" width=\"97\">04\/11\/2011<strong>\u00a0<\/strong><\/td>\n<\/tr>\n<tr>\n<td valign=\"top\" width=\"480\">Prazo final para devolu\u00e7\u00e3o das propostas reformuladas para a PROEX.<strong>\u00a0<\/strong><\/td>\n<td valign=\"top\" width=\"97\">07\/11\/2011<strong><\/strong><\/td>\n<\/tr>\n<tr>\n<td valign=\"top\" width=\"480\">Encaminhamento das propostas para o Minist\u00e9rio das Comunica\u00e7\u00f5es.<strong>\u00a0<\/strong><\/td>\n<td valign=\"top\" width=\"97\">08\/11\/2011<strong><\/strong><\/td>\n<\/tr>\n<\/tbody>\n<\/table>\n<p>Confira a <a href=\"http:\/\/www.ifbaiano.edu.br\/unidades\/valenca\/files\/2011\/11\/Convocat\u00f3ria-Chamada-p\u00fablica.pdf\">Convocat\u00f3ria n\u00ba 02\/ 2011<\/a><\/p>\n<p>Para maiores informa\u00e7\u00f5es, consultar a <a href=\"http:\/\/www.ifbaiano.edu.br\/unidades\/valenca\/files\/2011\/11\/Convocat\u00f3ria-Chamada-p\u00fablica1.pdf\">Chamada P\u00fablica n\u00ba. 01\/2011<\/a>.<\/p>\n<p>D\u00favidas com a PROEX &#8211; IF Baiano no tel: (71) 3186-0026<\/p>\n<p>&nbsp;<\/p>\n","protected":false},"excerpt":{"rendered":"<p>A PROEX, Pr\u00f3-Reitoria de Extens\u00e3o do IFBaiano, CONVOCA os professores interessados em propor projetos que se enquadrem aos pr\u00e9-requisitos da Chamada P\u00fablica n.\u00ba 01\/2011 que trata sobre o Apoio \u00e0 Capacita\u00e7\u00e3o no Uso das Tecnologias da Informa\u00e7\u00e3o e Comunica\u00e7\u00e3o para a Juventude Rural; publicado pelo Minist\u00e9rio das Comunica\u00e7\u00f5es, atrav\u00e9s da Secretaria de Inclus\u00e3o Digital. Os [&hellip;]<\/p>\n","protected":false},"author":6,"featured_media":0,"comment_status":"open","ping_status":"open","sticky":false,"template":"","format":"standard","meta":[],"categories":[33,26],"tags":[],"_links":{"self":[{"href":"https:\/\/www.ifbaiano.edu.br\/unidades\/valenca\/wp-json\/wp\/v2\/posts\/965"}],"collection":[{"href":"https:\/\/www.ifbaiano.edu.br\/unidades\/valenca\/wp-json\/wp\/v2\/posts"}],"about":[{"href":"https:\/\/www.ifbaiano.edu.br\/unidades\/valenca\/wp-json\/wp\/v2\/types\/post"}],"author":[{"embeddable":true,"href":"https:\/\/www.ifbaiano.edu.br\/unidades\/valenca\/wp-json\/wp\/v2\/users\/6"}],"replies":[{"embeddable":true,"href":"https:\/\/www.ifbaiano.edu.br\/unidades\/valenca\/wp-json\/wp\/v2\/comments?post=965"}],"version-history":[{"count":1,"href":"https:\/\/www.ifbaiano.edu.br\/unidades\/valenca\/wp-json\/wp\/v2\/posts\/965\/revisions"}],"predecessor-version":[{"id":968,"href":"https:\/\/www.ifbaiano.edu.br\/unidades\/valenca\/wp-json\/wp\/v2\/posts\/965\/revisions\/968"}],"wp:attachment":[{"href":"https:\/\/www.ifbaiano.edu.br\/unidades\/valenca\/wp-json\/wp\/v2\/media?parent=965"}],"wp:term":[{"taxonomy":"category","embeddable":true,"href":"https:\/\/www.ifbaiano.edu.br\/unidades\/valenca\/wp-json\/wp\/v2\/categories?post=965"},{"taxonomy":"post_tag","embeddable":true,"href":"https:\/\/www.ifbaiano.edu.br\/unidades\/valenca\/wp-json\/wp\/v2\/tags?post=965"}],"curies":[{"name":"wp","href":"https:\/\/api.w.org\/{rel}","templated":true}]}}