{"id":9652,"date":"2024-03-05T21:01:54","date_gmt":"2024-03-06T00:01:54","guid":{"rendered":"https:\/\/www.ifbaiano.edu.br\/unidades\/valenca\/?p=9652"},"modified":"2024-03-05T21:02:36","modified_gmt":"2024-03-06T00:02:36","slug":"campus-valenca-divulga-edital-de-pregao-02-204-para-aquisicao-de-generos-alimenticios","status":"publish","type":"post","link":"https:\/\/www.ifbaiano.edu.br\/unidades\/valenca\/2024\/03\/05\/campus-valenca-divulga-edital-de-pregao-02-204-para-aquisicao-de-generos-alimenticios\/","title":{"rendered":"Campus Valen\u00e7a divulga Edital de Preg\u00e3o 02\/204 para aquisi\u00e7\u00e3o de g\u00eaneros aliment\u00edcios"},"content":{"rendered":"\n<p>Aquisi\u00e7\u00e3o de g\u00eaneros aliment\u00edcios para atender as necessidades do Setor de Nutri\u00e7\u00e3o do Instituto<br>Federal Baiano &#8211; Campus Valen\u00e7a no ano letivo de 2024<\/p>\n\n\n\n<p>O Instituto Federal de Educa\u00e7\u00e3o, Ci\u00eancia e Tecnologia Baiano \u2013 Campus Valen\u00e7a torna p\u00fablico, para conhecimento dos interessados, o \u00a0edital, que tem como objetivo a aquisi\u00e7\u00e3o de g\u00eaneros aliment\u00edcios de fornecedores que estiverem previamente credenciados no Sistema de Cadastramento Unificado de Fornecedores &#8211; SICAF e no Sistema de Compras do Governo Federal (www.gov.br\/compras), por meio de Certificado Digital conferido pela Infraestrutura de Chaves P\u00fablicas Brasileira \u2013 ICP \u2013 Brasil.<\/p>\n\n\n\n<p>O per\u00edodo de divulga\u00e7\u00e3o da Chamada P\u00fablica \u00e9 de 05 de mar\u00e7o at\u00e9 9 horas do dia 14 e abril (hor\u00e1rio local). A Sess\u00e3o p\u00fablica de abertura da licita\u00e7\u00e3o se dar\u00e1 automaticamente, no dia 14 de abril, \u00e0s 9 horas (hor\u00e1rio local), por meio do sistema eletr\u00f4nico.<\/p>\n\n\n\n<p>A participa\u00e7\u00e3o \u00e9 exclusiva a microempresas e empresas de pequeno porte, nos termos do art. 48 da Lei Complementar n\u00ba 123, de 14 de dezembro de 2006 nos itens: 01,02,03,04,05,06,07,08,09,10, 11,12,13,14,15,16,17,18,19,20,21,22,26 e 27.<\/p>\n\n\n\n<p>Demais informa\u00e7\u00f5es sobre a Chamada P\u00fablica encontram-se dispon\u00edveis no edital e seus anexos.<\/p>\n\n\n\n<div class=\"wp-block-file\"><a id=\"wp-block-file--media-50aafcb4-de86-4add-85f7-9dba2730dfc2\" href=\"https:\/\/www.ifbaiano.edu.br\/unidades\/valenca\/files\/2024\/03\/Edital_PREGAO_02_2024.pdf\">Edital_PREGAO_02_2024<\/a><\/div>\n","protected":false},"excerpt":{"rendered":"<p>Aquisi\u00e7\u00e3o de g\u00eaneros aliment\u00edcios para atender as necessidades do Setor de Nutri\u00e7\u00e3o do InstitutoFederal Baiano &#8211; Campus Valen\u00e7a no ano letivo de 2024 O Instituto Federal de Educa\u00e7\u00e3o, Ci\u00eancia e Tecnologia Baiano \u2013 Campus Valen\u00e7a torna p\u00fablico, para conhecimento dos interessados, o \u00a0edital, que tem como objetivo a aquisi\u00e7\u00e3o de g\u00eaneros aliment\u00edcios de fornecedores que [&hellip;]<\/p>\n","protected":false},"author":171,"featured_media":0,"comment_status":"open","ping_status":"open","sticky":true,"template":"","format":"standard","meta":[],"categories":[5,63],"tags":[],"_links":{"self":[{"href":"https:\/\/www.ifbaiano.edu.br\/unidades\/valenca\/wp-json\/wp\/v2\/posts\/9652"}],"collection":[{"href":"https:\/\/www.ifbaiano.edu.br\/unidades\/valenca\/wp-json\/wp\/v2\/posts"}],"about":[{"href":"https:\/\/www.ifbaiano.edu.br\/unidades\/valenca\/wp-json\/wp\/v2\/types\/post"}],"author":[{"embeddable":true,"href":"https:\/\/www.ifbaiano.edu.br\/unidades\/valenca\/wp-json\/wp\/v2\/users\/171"}],"replies":[{"embeddable":true,"href":"https:\/\/www.ifbaiano.edu.br\/unidades\/valenca\/wp-json\/wp\/v2\/comments?post=9652"}],"version-history":[{"count":1,"href":"https:\/\/www.ifbaiano.edu.br\/unidades\/valenca\/wp-json\/wp\/v2\/posts\/9652\/revisions"}],"predecessor-version":[{"id":9654,"href":"https:\/\/www.ifbaiano.edu.br\/unidades\/valenca\/wp-json\/wp\/v2\/posts\/9652\/revisions\/9654"}],"wp:attachment":[{"href":"https:\/\/www.ifbaiano.edu.br\/unidades\/valenca\/wp-json\/wp\/v2\/media?parent=9652"}],"wp:term":[{"taxonomy":"category","embeddable":true,"href":"https:\/\/www.ifbaiano.edu.br\/unidades\/valenca\/wp-json\/wp\/v2\/categories?post=9652"},{"taxonomy":"post_tag","embeddable":true,"href":"https:\/\/www.ifbaiano.edu.br\/unidades\/valenca\/wp-json\/wp\/v2\/tags?post=9652"}],"curies":[{"name":"wp","href":"https:\/\/api.w.org\/{rel}","templated":true}]}}