{"id":9664,"date":"2024-03-15T14:35:24","date_gmt":"2024-03-15T17:35:24","guid":{"rendered":"https:\/\/www.ifbaiano.edu.br\/unidades\/valenca\/?p=9664"},"modified":"2024-03-17T21:23:30","modified_gmt":"2024-03-18T00:23:30","slug":"divulgado-edital-de-selecao-para-programa-de-assistencia-e-inclusao-social-do-estudante-paise-2024-1","status":"publish","type":"post","link":"https:\/\/www.ifbaiano.edu.br\/unidades\/valenca\/2024\/03\/15\/divulgado-edital-de-selecao-para-programa-de-assistencia-e-inclusao-social-do-estudante-paise-2024-1\/","title":{"rendered":"Divulgado edital de sele\u00e7\u00e3o para Programa de Assist\u00eancia e Inclus\u00e3o Social do Estudante &#8211; PAISE &#8211; 2024.1"},"content":{"rendered":"\n<p>As inscri\u00e7\u00f5es ser\u00e3o entre os dias 18 a 23 de mar\u00e7o de 2024, por meio do SUAP<\/p>\n\n\n\n<p>O&nbsp;<em>campus<\/em>&nbsp;Valen\u00e7a do Instituto Federal de Educa\u00e7\u00e3o, Ci\u00eancia e Tecnologia Baiano \u2013 IF Baiano lan\u00e7ou hoje, 15, o edital do Programa de Assist\u00eancia e Inclus\u00e3o Social do Estudante \u2013 PAISE. As inscri\u00e7\u00f5es ser\u00e3o entre os dias 18 a 23 de mar\u00e7o, por meio do Sistema Unificado de Administra\u00e7\u00e3o P\u00fablica (SUAP) \u2013&nbsp;<a href=\"https:\/\/suap.ifbaiano.edu.br\/\">https:\/\/suap.ifbaiano.edu.br<\/a>.<\/p>\n\n\n\n<p>Para participar do programa, o estudante dever\u00e1 estar matriculado e com frequ\u00eancia regular em curso ofertado pelo campus, de n\u00edvel m\u00e9dio ou gradua\u00e7\u00e3o, nas modalidades presencial ou EaD e possuir renda per capita familiar de at\u00e9 um sal\u00e1rio m\u00ednimo e meio vigente.<\/p>\n\n\n\n<p><strong>Sobre os aux\u00edlios<\/strong><\/p>\n\n\n\n<p><strong>Aux\u00edlio Moradia:<\/strong>&nbsp;concess\u00e3o de recurso financeiro, fixo e mensal para custear as despesas com aluguel aos(\u00e0s) estudantes oriundos(as) de outros munic\u00edpios e\/ou com dificuldade de translado di\u00e1rio, que precisaram se mudar em virtude do ingresso no Instituto e que n\u00e3o tenham sido beneficiados com a Resid\u00eancia Estudantil.<\/p>\n\n\n\n<p><strong>Aux\u00edlio Material Acad\u00eamico:<\/strong>&nbsp;concess\u00e3o de repasse financeiro, \u00fanico e anual ao(\u00e0) estudante, para custeio de material acad\u00eamico. Pode ser acumulado com outros aux\u00edlios.<\/p>\n\n\n\n<p><strong>Aux\u00edlio Perman\u00eancia:<\/strong>\u00a0concess\u00e3o de repasse financeiro, fixo e mensal, ao(\u00e0) estudante que n\u00e3o possui perfil para os demais aux\u00edlios n\u00e3o acumul\u00e1veis, contudo, vivem em situa\u00e7\u00e3o de vulnerabilidade, e cuja renda per capita familiar seja de at\u00e9 50% do sal\u00e1rio m\u00ednimo vigente.<\/p>\n\n\n\n<p><strong>Aux\u00edlio Creche:<\/strong>\u00a0concess\u00e3o de repasse financeiro, fixo e mensal, ao(\u00e0) estudante pai, m\u00e3e ou respons\u00e1vel legal de crian\u00e7a de at\u00e9 5 (cinco) anos, 11 meses e 29 dias de idade no ato da inscri\u00e7\u00e3o, ou de pessoa com defici\u00eancia comprovada por laudo m\u00e9dico, que resida com o(a) estudante e n\u00e3o possua amparo familiar para o cuidado durante o hor\u00e1rio de aula. Par\u00e1grafo \u00danico. De acordo com a Portaria N\u00ba 519, de 09 de abril de 2014, \u00e9 vedada a concess\u00e3o de pagamento cumulativo de Aux\u00edlio Creche, por meio do PAISE, a estudantes c\u00f4njuges.<\/p>\n\n\n\n<p><strong>Aux\u00edlio Alimenta\u00e7\u00e3o:<\/strong>&nbsp;Concess\u00e3o de repasse financeiro fixo e mensal para custear despesas com alimenta\u00e7\u00e3o durante o per\u00edodo letivo, desde que n\u00e3o tenha sido contemplado com outro programa institucional com a mesma finalidade.<\/p>\n\n\n\n<p><strong>Aux\u00edlio Transporte:<\/strong>&nbsp;concess\u00e3o de repasse financeiro fixo e mensal a estudantes, para custear as despesas com transporte, auxiliando o translado de ida e volta, ou ida, ou volta ao&nbsp;<em>Campus&nbsp;<\/em>durante o per\u00edodo letivo. Este aux\u00edlio n\u00e3o pode ser concedido a estudantes atendidos por programa similares, tais como transporte ou vales-transportes concedidos pelas prefeituras integralmente.<\/p>\n\n\n\n<p>Em caso de d\u00favidas, o aluno pode encaminhar e-mail para&nbsp;<a href=\"mailto:clae@valenca.ifbaiano.edu.br\">clae@valenca.ifbaiano.edu.br<\/a>, ou buscar presencialmente a Coordena\u00e7\u00e3o de Assuntos Estudantis (CAE) ou o Servi\u00e7o Social do campus.<\/p>\n\n\n\n<p>Editais e Documentos<\/p>\n\n\n\n<div class=\"wp-block-file\"><a id=\"wp-block-file--media-07852eb3-9dfc-4ff4-85fb-32332f37614e\" href=\"https:\/\/www.ifbaiano.edu.br\/unidades\/valenca\/files\/2024\/03\/edital-paise-2024.1-campus.pdf\">edital-paise-2024.1-campus<\/a><\/div>\n","protected":false},"excerpt":{"rendered":"<p>As inscri\u00e7\u00f5es ser\u00e3o entre os dias 18 a 23 de mar\u00e7o de 2024, por meio do SUAP O&nbsp;campus&nbsp;Valen\u00e7a do Instituto Federal de Educa\u00e7\u00e3o, Ci\u00eancia e Tecnologia Baiano \u2013 IF Baiano lan\u00e7ou hoje, 15, o edital do Programa de Assist\u00eancia e Inclus\u00e3o Social do Estudante \u2013 PAISE. As inscri\u00e7\u00f5es ser\u00e3o entre os dias 18 a 23 [&hellip;]<\/p>\n","protected":false},"author":171,"featured_media":9666,"comment_status":"open","ping_status":"open","sticky":false,"template":"","format":"standard","meta":[],"categories":[5,63],"tags":[],"_links":{"self":[{"href":"https:\/\/www.ifbaiano.edu.br\/unidades\/valenca\/wp-json\/wp\/v2\/posts\/9664"}],"collection":[{"href":"https:\/\/www.ifbaiano.edu.br\/unidades\/valenca\/wp-json\/wp\/v2\/posts"}],"about":[{"href":"https:\/\/www.ifbaiano.edu.br\/unidades\/valenca\/wp-json\/wp\/v2\/types\/post"}],"author":[{"embeddable":true,"href":"https:\/\/www.ifbaiano.edu.br\/unidades\/valenca\/wp-json\/wp\/v2\/users\/171"}],"replies":[{"embeddable":true,"href":"https:\/\/www.ifbaiano.edu.br\/unidades\/valenca\/wp-json\/wp\/v2\/comments?post=9664"}],"version-history":[{"count":3,"href":"https:\/\/www.ifbaiano.edu.br\/unidades\/valenca\/wp-json\/wp\/v2\/posts\/9664\/revisions"}],"predecessor-version":[{"id":9670,"href":"https:\/\/www.ifbaiano.edu.br\/unidades\/valenca\/wp-json\/wp\/v2\/posts\/9664\/revisions\/9670"}],"wp:featuredmedia":[{"embeddable":true,"href":"https:\/\/www.ifbaiano.edu.br\/unidades\/valenca\/wp-json\/wp\/v2\/media\/9666"}],"wp:attachment":[{"href":"https:\/\/www.ifbaiano.edu.br\/unidades\/valenca\/wp-json\/wp\/v2\/media?parent=9664"}],"wp:term":[{"taxonomy":"category","embeddable":true,"href":"https:\/\/www.ifbaiano.edu.br\/unidades\/valenca\/wp-json\/wp\/v2\/categories?post=9664"},{"taxonomy":"post_tag","embeddable":true,"href":"https:\/\/www.ifbaiano.edu.br\/unidades\/valenca\/wp-json\/wp\/v2\/tags?post=9664"}],"curies":[{"name":"wp","href":"https:\/\/api.w.org\/{rel}","templated":true}]}}