{"id":9674,"date":"2024-03-28T19:54:12","date_gmt":"2024-03-28T22:54:12","guid":{"rendered":"https:\/\/www.ifbaiano.edu.br\/unidades\/valenca\/?p=9674"},"modified":"2024-03-28T19:54:57","modified_gmt":"2024-03-28T22:54:57","slug":"campus-valenca-promove-a-segunda-edicao-da-semana-escolar-de-combate-a-violencia-contra-a-mulher","status":"publish","type":"post","link":"https:\/\/www.ifbaiano.edu.br\/unidades\/valenca\/2024\/03\/28\/campus-valenca-promove-a-segunda-edicao-da-semana-escolar-de-combate-a-violencia-contra-a-mulher\/","title":{"rendered":"Campus Valen\u00e7a promove a segunda edi\u00e7\u00e3o da Semana Escolar de Combate \u00e0 Viol\u00eancia contra a Mulher"},"content":{"rendered":"\n<p>Evento ocorreu de 20 a 23 de mar\u00e7o e mobilizou estudantes, docentes, TAES e terceirizados(as) em a\u00e7\u00f5es educativas em atendimento \u00e0 Lei 14.164\/21<\/p>\n\n\n<div class=\"wp-block-image\">\n<figure class=\"alignleft size-large is-resized\"><a href=\"https:\/\/www.ifbaiano.edu.br\/unidades\/valenca\/files\/2024\/03\/SemanaEscolar2024.jpg\"><img decoding=\"async\" loading=\"lazy\" src=\"https:\/\/www.ifbaiano.edu.br\/unidades\/valenca\/files\/2024\/03\/SemanaEscolar2024.jpg\" alt=\"\" class=\"wp-image-9677\" width=\"333\" height=\"333\" \/><\/a><\/figure><\/div>\n\n\n<p>A Semana Escolar de Combate \u00e0 Viol\u00eancia contra a Mulher \u00e9 uma a\u00e7\u00e3o institucional, que faz parte do calend\u00e1rio acad\u00eamico, e ocorre anualmente no m\u00eas de mar\u00e7o, no IF Baiano. Este evento cumpre a Lei 14.164\/21, que inclui &#8220;nos curr\u00edculos conte\u00fados relativos aos direitos humanos e \u00e0 preven\u00e7\u00e3o de todas as formas de viol\u00eancia contra a crian\u00e7a, o adolescente e a mulher&#8221;.<\/p>\n\n\n\n<p>A segunda edi\u00e7\u00e3o da Semana Escolar de Combate \u00e0 Viol\u00eancia contra a Mulher do IF Baiano campus Valen\u00e7a, realizada entre os dias 20 e 23 de mar\u00e7o, de 2023, teve como objetivo promover atividades para difundir conhecimento sobre a Lei Maria da Penha e os mecanismos de assist\u00eancia e de den\u00fancias existentes contra viol\u00eancia dom\u00e9stica; integrar a comunidade no combate \u00e0 viol\u00eancia contra a mulher; capacitar educadores; impulsionar a reflex\u00e3o cr\u00edtica entre estudantes, profissionais da educa\u00e7\u00e3o e comunidade escolar sobre a preven\u00e7\u00e3o e o combate \u00e0 viol\u00eancia contra a mulher. <\/p>\n\n\n\n<p>O evento foi organizado pelo N\u00facleo de Estudos em G\u00eanero e Sexualidade do IF Baiano (Geni) em parceria com a Dire\u00e7\u00e3o Geral e servidores do campus Valen\u00e7a. Para a coordena\u00e7\u00e3o colegiada do N\u00facleo, a\u00e7\u00f5es como essas n\u00e3o devem ser pontuais, mas precisam fazer parte de uma agenda institucional, que envolva todos os setores da educa\u00e7\u00e3o. Os(as) estudantes e docentes desempenham um papel fundamental em debates, rodas de conversa e oficinas para que de fato haja um processo (trans)formativo. <\/p>\n\n\n\n<p>Em 2024, a programa\u00e7\u00e3o da <strong>Semana Escolar de Combate \u00e0 Viol\u00eancia contra a Mulher<\/strong> contou com uma vasta programa\u00e7\u00e3o por meio de palestras, forma\u00e7\u00f5es para servidores, apresenta\u00e7\u00e3o das salas tem\u00e1ticas e visitas de escolas.<\/p>\n\n\n\n<div class=\"wp-block-columns is-layout-flex wp-container-4\">\n<div class=\"wp-block-column is-layout-flow\" style=\"flex-basis:100%\">\n<figure class=\"wp-block-gallery has-nested-images columns-default is-cropped wp-block-gallery-1 is-layout-flex\">\n<figure class=\"wp-block-image size-full\"><a href=\"https:\/\/www.ifbaiano.edu.br\/unidades\/valenca\/files\/2024\/03\/Programacao_SECVC1.jpg\"><img decoding=\"async\" loading=\"lazy\" width=\"899\" height=\"1599\" src=\"https:\/\/www.ifbaiano.edu.br\/unidades\/valenca\/files\/2024\/03\/Programacao_SECVC1.jpg\" alt=\"\" class=\"wp-image-9684\" \/><\/a><\/figure>\n\n\n\n<figure class=\"wp-block-image size-full\"><a href=\"https:\/\/www.ifbaiano.edu.br\/unidades\/valenca\/files\/2024\/03\/Programacao_SECVC3.jpg\"><img decoding=\"async\" loading=\"lazy\" width=\"899\" height=\"1599\" src=\"https:\/\/www.ifbaiano.edu.br\/unidades\/valenca\/files\/2024\/03\/Programacao_SECVC3.jpg\" alt=\"\" class=\"wp-image-9686\" \/><\/a><\/figure>\n\n\n\n<figure class=\"wp-block-image size-full\"><a href=\"https:\/\/www.ifbaiano.edu.br\/unidades\/valenca\/files\/2024\/03\/Programacao_SECVC4.jpg\"><img decoding=\"async\" loading=\"lazy\" width=\"899\" height=\"1599\" src=\"https:\/\/www.ifbaiano.edu.br\/unidades\/valenca\/files\/2024\/03\/Programacao_SECVC4.jpg\" alt=\"\" class=\"wp-image-9687\" \/><\/a><\/figure>\n<\/figure>\n<\/div>\n<\/div>\n\n\n\n<p>No s\u00e1bado, dia 23\/03, aconteceu a culmin\u00e2ncia da Semana Escolar de Combate \u00e0 Viol\u00eancia contra a Mulher, com o Festival de Arte e M\u00fasica Erga a Voz, com o apoio da PROPES. <\/p>\n\n\n\n<figure class=\"wp-block-image size-full is-resized\"><a href=\"https:\/\/www.ifbaiano.edu.br\/unidades\/valenca\/files\/2024\/03\/Festival_ergaavoz-1.jpg\"><img decoding=\"async\" loading=\"lazy\" src=\"https:\/\/www.ifbaiano.edu.br\/unidades\/valenca\/files\/2024\/03\/Festival_ergaavoz-1.jpg\" alt=\"\" class=\"wp-image-9688\" width=\"285\" height=\"357\" \/><\/a><\/figure>\n\n\n\n<p>Confira as fotos do dia 20\/03:<\/p>\n\n\n\n<figure class=\"wp-block-gallery has-nested-images columns-default is-cropped wp-block-gallery-5 is-layout-flex\">\n<figure class=\"wp-block-image size-large\"><a href=\"https:\/\/www.ifbaiano.edu.br\/unidades\/valenca\/files\/2024\/03\/20240320_193600-1.jpg\"><img decoding=\"async\" loading=\"lazy\" width=\"4000\" height=\"3000\" data-id=\"9689\"  src=\"https:\/\/www.ifbaiano.edu.br\/unidades\/valenca\/files\/2024\/03\/20240320_193600-1.jpg\" alt=\"\" class=\"wp-image-9689\" \/><\/a><figcaption class=\"wp-element-caption\">Dia 20\/03\/2024 &#8211; Abertura da Semana Escolar do Combate \u00e0 Viol\u00eancia contra a Mulher<\/figcaption><\/figure>\n\n\n\n<figure class=\"wp-block-image size-full\"><a href=\"https:\/\/www.ifbaiano.edu.br\/unidades\/valenca\/files\/2024\/03\/20240320_205031.jpg\"><img decoding=\"async\" loading=\"lazy\" width=\"4000\" height=\"3000\" data-id=\"9698\"  src=\"https:\/\/www.ifbaiano.edu.br\/unidades\/valenca\/files\/2024\/03\/20240320_205031.jpg\" alt=\"\" class=\"wp-image-9698\" \/><\/a><figcaption class=\"wp-element-caption\">Dia 20\/03\/2023 &#8211; Dra. Tatiana Badar\u00f3 &#8211; Palestra &#8220;Agora tudo \u00e9 ass\u00e9dio?&#8221;<\/figcaption><\/figure>\n\n\n\n<figure class=\"wp-block-image size-full\"><a href=\"https:\/\/www.ifbaiano.edu.br\/unidades\/valenca\/files\/2024\/03\/20240320_212200.jpg\"><img decoding=\"async\" loading=\"lazy\" width=\"4000\" height=\"2252\" data-id=\"9695\"  src=\"https:\/\/www.ifbaiano.edu.br\/unidades\/valenca\/files\/2024\/03\/20240320_212200.jpg\" alt=\"\" class=\"wp-image-9695\" \/><\/a><\/figure>\n\n\n\n<figure class=\"wp-block-image size-large\"><a href=\"https:\/\/www.ifbaiano.edu.br\/unidades\/valenca\/files\/2024\/03\/20240320_212806.jpg\"><img decoding=\"async\" loading=\"lazy\" width=\"4000\" height=\"2252\" data-id=\"9692\"  src=\"https:\/\/www.ifbaiano.edu.br\/unidades\/valenca\/files\/2024\/03\/20240320_212806.jpg\" alt=\"\" class=\"wp-image-9692\" \/><\/a><figcaption class=\"wp-element-caption\">Dia 20\/03 &#8211; <strong>Dra. Maria Asenate &#8211; Por que as mulheres negras s\u00e3o as mais submetidas as essa (mal) dita viol\u00eancia racial e de g\u00eanero?<\/strong><\/figcaption><\/figure>\n\n\n\n<figure class=\"wp-block-image size-large\"><a href=\"https:\/\/www.ifbaiano.edu.br\/unidades\/valenca\/files\/2024\/03\/20240320_215906-2.jpg\"><img decoding=\"async\" loading=\"lazy\" width=\"4000\" height=\"3000\" data-id=\"9693\"  src=\"https:\/\/www.ifbaiano.edu.br\/unidades\/valenca\/files\/2024\/03\/20240320_215906-2.jpg\" alt=\"\" class=\"wp-image-9693\" \/><\/a><figcaption class=\"wp-element-caption\">Integrantes do N\u00facleo de Estudos em G\u00eanero e Sexualidade &#8211; Geni<\/figcaption><\/figure>\n\n\n\n<figure class=\"wp-block-image size-full\"><a href=\"https:\/\/www.ifbaiano.edu.br\/unidades\/valenca\/files\/2024\/03\/20240320_221209.jpg\"><img decoding=\"async\" loading=\"lazy\" width=\"4000\" height=\"3000\" data-id=\"9700\"  src=\"https:\/\/www.ifbaiano.edu.br\/unidades\/valenca\/files\/2024\/03\/20240320_221209.jpg\" alt=\"\" class=\"wp-image-9700\" \/><\/a><figcaption class=\"wp-element-caption\">Lan\u00e7amento do livro da autora Dra. Maria Asenate<\/figcaption><\/figure>\n<\/figure>\n\n\n\n<p>Confira as fotos do dia 21\/03:<\/p>\n\n\n\n<figure class=\"wp-block-gallery has-nested-images columns-default is-cropped wp-block-gallery-7 is-layout-flex\">\n<figure class=\"wp-block-image size-large\"><a href=\"https:\/\/www.ifbaiano.edu.br\/unidades\/valenca\/files\/2024\/03\/20240321_144310.jpg\"><img decoding=\"async\" loading=\"lazy\" width=\"4000\" height=\"3000\" data-id=\"9701\"  src=\"https:\/\/www.ifbaiano.edu.br\/unidades\/valenca\/files\/2024\/03\/20240321_144310.jpg\" alt=\"\" class=\"wp-image-9701\" \/><\/a><figcaption class=\"wp-element-caption\">Adriele Ribeiro &#8211; Presidente do Gr\u00eamio estudantil<\/figcaption><\/figure>\n\n\n\n<figure class=\"wp-block-image size-large\"><a href=\"https:\/\/www.ifbaiano.edu.br\/unidades\/valenca\/files\/2024\/03\/20240321_144548.jpg\"><img decoding=\"async\" loading=\"lazy\" width=\"4000\" height=\"3000\" data-id=\"9702\"  src=\"https:\/\/www.ifbaiano.edu.br\/unidades\/valenca\/files\/2024\/03\/20240321_144548.jpg\" alt=\"\" class=\"wp-image-9702\" \/><\/a><\/figure>\n\n\n\n<figure class=\"wp-block-image size-large\"><a href=\"https:\/\/www.ifbaiano.edu.br\/unidades\/valenca\/files\/2024\/03\/20240321_145704.jpg\"><img decoding=\"async\" loading=\"lazy\" width=\"4000\" height=\"3000\" data-id=\"9704\"  src=\"https:\/\/www.ifbaiano.edu.br\/unidades\/valenca\/files\/2024\/03\/20240321_145704.jpg\" alt=\"\" class=\"wp-image-9704\" \/><\/a><figcaption class=\"wp-element-caption\">Ciclo Formativo com servidores &#8211; Dra. Tatiana Badar\u00f3 &#8211; Enfrentando a viol\u00eancia contra a mulher<\/figcaption><\/figure>\n\n\n\n<figure class=\"wp-block-image size-full\"><a href=\"https:\/\/www.ifbaiano.edu.br\/unidades\/valenca\/files\/2024\/03\/20240321_160917-1.jpg\"><img decoding=\"async\" loading=\"lazy\" width=\"4000\" height=\"3000\" data-id=\"9708\"  src=\"https:\/\/www.ifbaiano.edu.br\/unidades\/valenca\/files\/2024\/03\/20240321_160917-1.jpg\" alt=\"\" class=\"wp-image-9708\" \/><\/a><figcaption class=\"wp-element-caption\">Luciane Silva &#8211; Coordenadora do CRAM Maria Cl\u00e1udia Rodrigues e Dra. Argim\u00e1ria Soares &#8211; Delegada do NEAM<\/figcaption><\/figure>\n\n\n\n<figure class=\"wp-block-image size-full\"><a href=\"https:\/\/www.ifbaiano.edu.br\/unidades\/valenca\/files\/2024\/03\/20240321_160747.jpg\"><img decoding=\"async\" loading=\"lazy\" width=\"4000\" height=\"3000\" data-id=\"9709\"  src=\"https:\/\/www.ifbaiano.edu.br\/unidades\/valenca\/files\/2024\/03\/20240321_160747.jpg\" alt=\"\" class=\"wp-image-9709\" \/><\/a><figcaption class=\"wp-element-caption\">Luciane Silva &#8211; Coordenadora do CRAM Maria Cl\u00e1udia Rodrigues e Dra. Argim\u00e1ria Soares &#8211; Delegada do NEAM<\/figcaption><\/figure>\n<\/figure>\n\n\n\n<p>Confira as fotos das salas tem\u00e1ticas (21\/03):<\/p>\n\n\n\n<figure class=\"wp-block-gallery has-nested-images columns-default is-cropped wp-block-gallery-9 is-layout-flex\">\n<figure class=\"wp-block-image size-large\"><a href=\"https:\/\/www.ifbaiano.edu.br\/unidades\/valenca\/files\/2024\/03\/20240321_090430.jpg\"><img decoding=\"async\" loading=\"lazy\" width=\"4000\" height=\"3000\" data-id=\"9710\"  src=\"https:\/\/www.ifbaiano.edu.br\/unidades\/valenca\/files\/2024\/03\/20240321_090430.jpg\" alt=\"\" class=\"wp-image-9710\" \/><\/a><\/figure>\n\n\n\n<figure class=\"wp-block-image size-large\"><a href=\"https:\/\/www.ifbaiano.edu.br\/unidades\/valenca\/files\/2024\/03\/20240321_090906.jpg\"><img decoding=\"async\" loading=\"lazy\" width=\"4000\" height=\"3000\" data-id=\"9711\"  src=\"https:\/\/www.ifbaiano.edu.br\/unidades\/valenca\/files\/2024\/03\/20240321_090906.jpg\" alt=\"\" class=\"wp-image-9711\" \/><\/a><\/figure>\n\n\n\n<figure class=\"wp-block-image size-large\"><a href=\"https:\/\/www.ifbaiano.edu.br\/unidades\/valenca\/files\/2024\/03\/20240321_091415.jpg\"><img decoding=\"async\" loading=\"lazy\" width=\"4000\" height=\"3000\" data-id=\"9712\"  src=\"https:\/\/www.ifbaiano.edu.br\/unidades\/valenca\/files\/2024\/03\/20240321_091415.jpg\" alt=\"\" class=\"wp-image-9712\" \/><\/a><\/figure>\n\n\n\n<figure class=\"wp-block-image size-large\"><a href=\"https:\/\/www.ifbaiano.edu.br\/unidades\/valenca\/files\/2024\/03\/20240321_091417.jpg\"><img decoding=\"async\" loading=\"lazy\" width=\"4000\" height=\"3000\" data-id=\"9713\"  src=\"https:\/\/www.ifbaiano.edu.br\/unidades\/valenca\/files\/2024\/03\/20240321_091417.jpg\" alt=\"\" class=\"wp-image-9713\" \/><\/a><\/figure>\n\n\n\n<figure class=\"wp-block-image size-large\"><a href=\"https:\/\/www.ifbaiano.edu.br\/unidades\/valenca\/files\/2024\/03\/20240321_094042.jpg\"><img decoding=\"async\" loading=\"lazy\" width=\"4000\" height=\"3000\" data-id=\"9714\"  src=\"https:\/\/www.ifbaiano.edu.br\/unidades\/valenca\/files\/2024\/03\/20240321_094042.jpg\" alt=\"\" class=\"wp-image-9714\" \/><\/a><\/figure>\n\n\n\n<figure class=\"wp-block-image size-large\"><a href=\"https:\/\/www.ifbaiano.edu.br\/unidades\/valenca\/files\/2024\/03\/20240321_101038.jpg\"><img decoding=\"async\" loading=\"lazy\" width=\"4000\" height=\"3000\" data-id=\"9716\"  src=\"https:\/\/www.ifbaiano.edu.br\/unidades\/valenca\/files\/2024\/03\/20240321_101038.jpg\" alt=\"\" class=\"wp-image-9716\" \/><\/a><\/figure>\n\n\n\n<figure class=\"wp-block-image size-large\"><a href=\"https:\/\/www.ifbaiano.edu.br\/unidades\/valenca\/files\/2024\/03\/20240321_101044.jpg\"><img decoding=\"async\" loading=\"lazy\" width=\"4000\" height=\"3000\" data-id=\"9717\"  src=\"https:\/\/www.ifbaiano.edu.br\/unidades\/valenca\/files\/2024\/03\/20240321_101044.jpg\" alt=\"\" class=\"wp-image-9717\" \/><\/a><\/figure>\n\n\n\n<figure class=\"wp-block-image size-large\"><a href=\"https:\/\/www.ifbaiano.edu.br\/unidades\/valenca\/files\/2024\/03\/20240321_101525.jpg\"><img decoding=\"async\" loading=\"lazy\" width=\"4000\" height=\"3000\" data-id=\"9718\"  src=\"https:\/\/www.ifbaiano.edu.br\/unidades\/valenca\/files\/2024\/03\/20240321_101525.jpg\" alt=\"\" class=\"wp-image-9718\" \/><\/a><\/figure>\n\n\n\n<figure class=\"wp-block-image size-large\"><a href=\"https:\/\/www.ifbaiano.edu.br\/unidades\/valenca\/files\/2024\/03\/20240321_102129.jpg\"><img decoding=\"async\" loading=\"lazy\" width=\"4000\" height=\"3000\" data-id=\"9719\"  src=\"https:\/\/www.ifbaiano.edu.br\/unidades\/valenca\/files\/2024\/03\/20240321_102129.jpg\" alt=\"\" class=\"wp-image-9719\" \/><\/a><\/figure>\n\n\n\n<figure class=\"wp-block-image size-large\"><a href=\"https:\/\/www.ifbaiano.edu.br\/unidades\/valenca\/files\/2024\/03\/20240321_102139.jpg\"><img decoding=\"async\" loading=\"lazy\" width=\"4000\" height=\"3000\" data-id=\"9720\"  src=\"https:\/\/www.ifbaiano.edu.br\/unidades\/valenca\/files\/2024\/03\/20240321_102139.jpg\" alt=\"\" class=\"wp-image-9720\" \/><\/a><\/figure>\n\n\n\n<figure class=\"wp-block-image size-large\"><a href=\"https:\/\/www.ifbaiano.edu.br\/unidades\/valenca\/files\/2024\/03\/20240321_111624.jpg\"><img decoding=\"async\" loading=\"lazy\" width=\"4000\" height=\"2252\" data-id=\"9721\"  src=\"https:\/\/www.ifbaiano.edu.br\/unidades\/valenca\/files\/2024\/03\/20240321_111624.jpg\" alt=\"\" class=\"wp-image-9721\" \/><\/a><\/figure>\n\n\n\n<figure class=\"wp-block-image size-large\"><a href=\"https:\/\/www.ifbaiano.edu.br\/unidades\/valenca\/files\/2024\/03\/20240321_112339.jpg\"><img decoding=\"async\" loading=\"lazy\" width=\"4000\" height=\"3000\" data-id=\"9722\"  src=\"https:\/\/www.ifbaiano.edu.br\/unidades\/valenca\/files\/2024\/03\/20240321_112339.jpg\" alt=\"\" class=\"wp-image-9722\" \/><\/a><\/figure>\n\n\n\n<figure class=\"wp-block-image size-large\"><a href=\"https:\/\/www.ifbaiano.edu.br\/unidades\/valenca\/files\/2024\/03\/20240321_112813.jpg\"><img decoding=\"async\" loading=\"lazy\" width=\"4000\" height=\"3000\" data-id=\"9723\"  src=\"https:\/\/www.ifbaiano.edu.br\/unidades\/valenca\/files\/2024\/03\/20240321_112813.jpg\" alt=\"\" class=\"wp-image-9723\" \/><\/a><\/figure>\n\n\n\n<figure class=\"wp-block-image size-large\"><a href=\"https:\/\/www.ifbaiano.edu.br\/unidades\/valenca\/files\/2024\/03\/20240321_112935.jpg\"><img decoding=\"async\" loading=\"lazy\" width=\"4000\" height=\"3000\" data-id=\"9724\"  src=\"https:\/\/www.ifbaiano.edu.br\/unidades\/valenca\/files\/2024\/03\/20240321_112935.jpg\" alt=\"\" class=\"wp-image-9724\" \/><\/a><\/figure>\n\n\n\n<figure class=\"wp-block-image size-large\"><a href=\"https:\/\/www.ifbaiano.edu.br\/unidades\/valenca\/files\/2024\/03\/20240321_114657.jpg\"><img decoding=\"async\" loading=\"lazy\" width=\"4000\" height=\"3000\" data-id=\"9725\"  src=\"https:\/\/www.ifbaiano.edu.br\/unidades\/valenca\/files\/2024\/03\/20240321_114657.jpg\" alt=\"\" class=\"wp-image-9725\" \/><\/a><\/figure>\n\n\n\n<figure class=\"wp-block-image size-large\"><a href=\"https:\/\/www.ifbaiano.edu.br\/unidades\/valenca\/files\/2024\/03\/20240321_133234.jpg\"><img decoding=\"async\" loading=\"lazy\" width=\"4000\" height=\"2252\" data-id=\"9726\"  src=\"https:\/\/www.ifbaiano.edu.br\/unidades\/valenca\/files\/2024\/03\/20240321_133234.jpg\" alt=\"\" class=\"wp-image-9726\" \/><\/a><\/figure>\n\n\n\n<figure class=\"wp-block-image size-large\"><a href=\"https:\/\/www.ifbaiano.edu.br\/unidades\/valenca\/files\/2024\/03\/20240321_152728.jpg\"><img decoding=\"async\" loading=\"lazy\" width=\"4000\" height=\"3000\" data-id=\"9727\"  src=\"https:\/\/www.ifbaiano.edu.br\/unidades\/valenca\/files\/2024\/03\/20240321_152728.jpg\" alt=\"\" class=\"wp-image-9727\" \/><\/a><\/figure>\n\n\n\n<figure class=\"wp-block-image size-large\"><a href=\"https:\/\/www.ifbaiano.edu.br\/unidades\/valenca\/files\/2024\/03\/20240321_153546.jpg\"><img decoding=\"async\" loading=\"lazy\" width=\"4000\" height=\"3000\" data-id=\"9728\"  src=\"https:\/\/www.ifbaiano.edu.br\/unidades\/valenca\/files\/2024\/03\/20240321_153546.jpg\" alt=\"\" class=\"wp-image-9728\" \/><\/a><\/figure>\n<\/figure>\n\n\n\n<p><\/p>\n\n\n\n<p>Confira as fotos do Cine Geni (22\/03\/2024):<\/p>\n\n\n\n<figure class=\"wp-block-gallery has-nested-images columns-default is-cropped wp-block-gallery-11 is-layout-flex\">\n<figure class=\"wp-block-image size-large\"><a href=\"https:\/\/www.ifbaiano.edu.br\/unidades\/valenca\/files\/2024\/03\/20240322_141029.jpg\"><img decoding=\"async\" loading=\"lazy\" width=\"4000\" height=\"3000\" data-id=\"9729\"  src=\"https:\/\/www.ifbaiano.edu.br\/unidades\/valenca\/files\/2024\/03\/20240322_141029.jpg\" alt=\"\" class=\"wp-image-9729\" \/><\/a><\/figure>\n\n\n\n<figure class=\"wp-block-image size-large\"><a href=\"https:\/\/www.ifbaiano.edu.br\/unidades\/valenca\/files\/2024\/03\/20240322_143301.jpg\"><img decoding=\"async\" loading=\"lazy\" width=\"4000\" height=\"3000\" data-id=\"9735\"  src=\"https:\/\/www.ifbaiano.edu.br\/unidades\/valenca\/files\/2024\/03\/20240322_143301.jpg\" alt=\"\" class=\"wp-image-9735\" \/><\/a><\/figure>\n\n\n\n<figure class=\"wp-block-image size-large\"><a href=\"https:\/\/www.ifbaiano.edu.br\/unidades\/valenca\/files\/2024\/03\/20240322_145736.jpg\"><img decoding=\"async\" loading=\"lazy\" width=\"4000\" height=\"3000\" data-id=\"9736\"  src=\"https:\/\/www.ifbaiano.edu.br\/unidades\/valenca\/files\/2024\/03\/20240322_145736.jpg\" alt=\"\" class=\"wp-image-9736\" \/><\/a><\/figure>\n\n\n\n<figure class=\"wp-block-image size-large\"><a href=\"https:\/\/www.ifbaiano.edu.br\/unidades\/valenca\/files\/2024\/03\/20240322_151158.jpg\"><img decoding=\"async\" loading=\"lazy\" width=\"4000\" height=\"3000\" data-id=\"9734\"  src=\"https:\/\/www.ifbaiano.edu.br\/unidades\/valenca\/files\/2024\/03\/20240322_151158.jpg\" alt=\"\" class=\"wp-image-9734\" \/><\/a><\/figure>\n\n\n\n<figure class=\"wp-block-image size-large\"><a href=\"https:\/\/www.ifbaiano.edu.br\/unidades\/valenca\/files\/2024\/03\/20240322_163128.jpg\"><img decoding=\"async\" loading=\"lazy\" width=\"4000\" height=\"3000\" data-id=\"9733\"  src=\"https:\/\/www.ifbaiano.edu.br\/unidades\/valenca\/files\/2024\/03\/20240322_163128.jpg\" alt=\"\" class=\"wp-image-9733\" \/><\/a><\/figure>\n\n\n\n<figure class=\"wp-block-image size-large\"><a href=\"https:\/\/www.ifbaiano.edu.br\/unidades\/valenca\/files\/2024\/03\/20240322_163338.jpg\"><img decoding=\"async\" loading=\"lazy\" width=\"4000\" height=\"3000\" data-id=\"9737\"  src=\"https:\/\/www.ifbaiano.edu.br\/unidades\/valenca\/files\/2024\/03\/20240322_163338.jpg\" alt=\"\" class=\"wp-image-9737\" \/><\/a><\/figure>\n<\/figure>\n\n\n\n<p>Confira as fotos do Festival Erga a Voz (23\/03\/2024):<\/p>\n\n\n\n<figure class=\"wp-block-gallery has-nested-images columns-default is-cropped wp-block-gallery-13 is-layout-flex\">\n<figure class=\"wp-block-image size-large\"><a href=\"https:\/\/www.ifbaiano.edu.br\/unidades\/valenca\/files\/2024\/03\/20240323_092552.jpg\"><img decoding=\"async\" loading=\"lazy\" width=\"4000\" height=\"2252\" data-id=\"9739\"  src=\"https:\/\/www.ifbaiano.edu.br\/unidades\/valenca\/files\/2024\/03\/20240323_092552.jpg\" alt=\"\" class=\"wp-image-9739\" \/><\/a><\/figure>\n\n\n\n<figure class=\"wp-block-image size-large\"><a href=\"https:\/\/www.ifbaiano.edu.br\/unidades\/valenca\/files\/2024\/03\/20240323_092714.jpg\"><img decoding=\"async\" loading=\"lazy\" width=\"4000\" height=\"2252\" data-id=\"9740\"  src=\"https:\/\/www.ifbaiano.edu.br\/unidades\/valenca\/files\/2024\/03\/20240323_092714.jpg\" alt=\"\" class=\"wp-image-9740\" \/><\/a><\/figure>\n\n\n\n<figure class=\"wp-block-image size-large\"><a href=\"https:\/\/www.ifbaiano.edu.br\/unidades\/valenca\/files\/2024\/03\/20240323_093527.jpg\"><img decoding=\"async\" loading=\"lazy\" width=\"4000\" height=\"2252\" data-id=\"9741\"  src=\"https:\/\/www.ifbaiano.edu.br\/unidades\/valenca\/files\/2024\/03\/20240323_093527.jpg\" alt=\"\" class=\"wp-image-9741\" \/><\/a><\/figure>\n\n\n\n<figure class=\"wp-block-image size-large\"><a href=\"https:\/\/www.ifbaiano.edu.br\/unidades\/valenca\/files\/2024\/03\/20240323_093831.jpg\"><img decoding=\"async\" loading=\"lazy\" width=\"4000\" height=\"2252\" data-id=\"9742\"  src=\"https:\/\/www.ifbaiano.edu.br\/unidades\/valenca\/files\/2024\/03\/20240323_093831.jpg\" alt=\"\" class=\"wp-image-9742\" \/><\/a><\/figure>\n\n\n\n<figure class=\"wp-block-image size-large\"><a href=\"https:\/\/www.ifbaiano.edu.br\/unidades\/valenca\/files\/2024\/03\/20240323_093911.jpg\"><img decoding=\"async\" loading=\"lazy\" width=\"4000\" height=\"3000\" data-id=\"9743\"  src=\"https:\/\/www.ifbaiano.edu.br\/unidades\/valenca\/files\/2024\/03\/20240323_093911.jpg\" alt=\"\" class=\"wp-image-9743\" \/><\/a><\/figure>\n\n\n\n<figure class=\"wp-block-image size-large\"><a href=\"https:\/\/www.ifbaiano.edu.br\/unidades\/valenca\/files\/2024\/03\/20240323_095729.jpg\"><img decoding=\"async\" loading=\"lazy\" width=\"4000\" height=\"2252\" data-id=\"9744\"  src=\"https:\/\/www.ifbaiano.edu.br\/unidades\/valenca\/files\/2024\/03\/20240323_095729.jpg\" alt=\"\" class=\"wp-image-9744\" \/><\/a><\/figure>\n\n\n\n<figure class=\"wp-block-image size-large\"><a href=\"https:\/\/www.ifbaiano.edu.br\/unidades\/valenca\/files\/2024\/03\/20240323_110330.jpg\"><img decoding=\"async\" loading=\"lazy\" width=\"4000\" height=\"3000\" data-id=\"9745\"  src=\"https:\/\/www.ifbaiano.edu.br\/unidades\/valenca\/files\/2024\/03\/20240323_110330.jpg\" alt=\"\" class=\"wp-image-9745\" \/><\/a><\/figure>\n\n\n\n<figure class=\"wp-block-image size-large\"><a href=\"https:\/\/www.ifbaiano.edu.br\/unidades\/valenca\/files\/2024\/03\/20240323_110507.jpg\"><img decoding=\"async\" loading=\"lazy\" width=\"4000\" height=\"3000\" data-id=\"9746\"  src=\"https:\/\/www.ifbaiano.edu.br\/unidades\/valenca\/files\/2024\/03\/20240323_110507.jpg\" alt=\"\" class=\"wp-image-9746\" \/><\/a><\/figure>\n<\/figure>\n\n\n\n<p><\/p>\n","protected":false},"excerpt":{"rendered":"<p>Evento ocorreu de 20 a 23 de mar\u00e7o e mobilizou estudantes, docentes, TAES e terceirizados(as) em a\u00e7\u00f5es educativas em atendimento \u00e0 Lei 14.164\/21 A Semana Escolar de Combate \u00e0 Viol\u00eancia contra a Mulher \u00e9 uma a\u00e7\u00e3o institucional, que faz parte do calend\u00e1rio acad\u00eamico, e ocorre anualmente no m\u00eas de mar\u00e7o, no IF Baiano. Este evento [&hellip;]<\/p>\n","protected":false},"author":171,"featured_media":9677,"comment_status":"open","ping_status":"open","sticky":true,"template":"","format":"standard","meta":[],"categories":[5,26,63],"tags":[314,274,313],"_links":{"self":[{"href":"https:\/\/www.ifbaiano.edu.br\/unidades\/valenca\/wp-json\/wp\/v2\/posts\/9674"}],"collection":[{"href":"https:\/\/www.ifbaiano.edu.br\/unidades\/valenca\/wp-json\/wp\/v2\/posts"}],"about":[{"href":"https:\/\/www.ifbaiano.edu.br\/unidades\/valenca\/wp-json\/wp\/v2\/types\/post"}],"author":[{"embeddable":true,"href":"https:\/\/www.ifbaiano.edu.br\/unidades\/valenca\/wp-json\/wp\/v2\/users\/171"}],"replies":[{"embeddable":true,"href":"https:\/\/www.ifbaiano.edu.br\/unidades\/valenca\/wp-json\/wp\/v2\/comments?post=9674"}],"version-history":[{"count":2,"href":"https:\/\/www.ifbaiano.edu.br\/unidades\/valenca\/wp-json\/wp\/v2\/posts\/9674\/revisions"}],"predecessor-version":[{"id":9748,"href":"https:\/\/www.ifbaiano.edu.br\/unidades\/valenca\/wp-json\/wp\/v2\/posts\/9674\/revisions\/9748"}],"wp:featuredmedia":[{"embeddable":true,"href":"https:\/\/www.ifbaiano.edu.br\/unidades\/valenca\/wp-json\/wp\/v2\/media\/9677"}],"wp:attachment":[{"href":"https:\/\/www.ifbaiano.edu.br\/unidades\/valenca\/wp-json\/wp\/v2\/media?parent=9674"}],"wp:term":[{"taxonomy":"category","embeddable":true,"href":"https:\/\/www.ifbaiano.edu.br\/unidades\/valenca\/wp-json\/wp\/v2\/categories?post=9674"},{"taxonomy":"post_tag","embeddable":true,"href":"https:\/\/www.ifbaiano.edu.br\/unidades\/valenca\/wp-json\/wp\/v2\/tags?post=9674"}],"curies":[{"name":"wp","href":"https:\/\/api.w.org\/{rel}","templated":true}]}}