{"id":970,"date":"2011-11-01T16:11:58","date_gmt":"2011-11-01T16:11:58","guid":{"rendered":"http:\/\/www.ifbaiano.edu.br\/unidades\/valenca\/?p=970"},"modified":"2011-11-02T17:56:37","modified_gmt":"2011-11-02T17:56:37","slug":"o-if-baiano-convoca-a-comunidade-academica-para-contribuir-com-a-construcao-de-seu-regimento-geral","status":"publish","type":"post","link":"https:\/\/www.ifbaiano.edu.br\/unidades\/valenca\/2011\/11\/01\/o-if-baiano-convoca-a-comunidade-academica-para-contribuir-com-a-construcao-de-seu-regimento-geral\/","title":{"rendered":"O IF Baiano convoca a comunidade acad\u00eamica para contribuir com a constru\u00e7\u00e3o de seu Regimento Geral"},"content":{"rendered":"<p style=\"text-align: left\" align=\"center\">O IF Baiano convoca aos docentes, servidores e estudantes, para contribuir com a constru\u00e7\u00e3o de seu Regimento Geral. A comunidade interna do instituto tem o per\u00edodo de 7 de novembro a 7 de dezembro para encaminhar sugest\u00f5es \u00e0 Minuta do Regimento.<\/p>\n<p>O documento e a ficha de sugest\u00f5es est\u00e3o dispon\u00edvel em <a href=\"http:\/\/www.ifbaiano.edu.br\/unidades\/valenca\/wp-admin\/www.ifbaiano.edu.br\/aplicacoes\/sis\">www.ifbaiano.edu.br\/aplicacoes\/sis<\/a>.<\/p>\n","protected":false},"excerpt":{"rendered":"<p>O IF Baiano convoca aos docentes, servidores e estudantes, para contribuir com a constru\u00e7\u00e3o de seu Regimento Geral. A comunidade interna do instituto tem o per\u00edodo de 7 de novembro a 7 de dezembro para encaminhar sugest\u00f5es \u00e0 Minuta do Regimento. O documento e a ficha de sugest\u00f5es est\u00e3o dispon\u00edvel em www.ifbaiano.edu.br\/aplicacoes\/sis.<\/p>\n","protected":false},"author":6,"featured_media":0,"comment_status":"open","ping_status":"open","sticky":false,"template":"","format":"standard","meta":[],"categories":[33,10],"tags":[],"_links":{"self":[{"href":"https:\/\/www.ifbaiano.edu.br\/unidades\/valenca\/wp-json\/wp\/v2\/posts\/970"}],"collection":[{"href":"https:\/\/www.ifbaiano.edu.br\/unidades\/valenca\/wp-json\/wp\/v2\/posts"}],"about":[{"href":"https:\/\/www.ifbaiano.edu.br\/unidades\/valenca\/wp-json\/wp\/v2\/types\/post"}],"author":[{"embeddable":true,"href":"https:\/\/www.ifbaiano.edu.br\/unidades\/valenca\/wp-json\/wp\/v2\/users\/6"}],"replies":[{"embeddable":true,"href":"https:\/\/www.ifbaiano.edu.br\/unidades\/valenca\/wp-json\/wp\/v2\/comments?post=970"}],"version-history":[{"count":2,"href":"https:\/\/www.ifbaiano.edu.br\/unidades\/valenca\/wp-json\/wp\/v2\/posts\/970\/revisions"}],"predecessor-version":[{"id":972,"href":"https:\/\/www.ifbaiano.edu.br\/unidades\/valenca\/wp-json\/wp\/v2\/posts\/970\/revisions\/972"}],"wp:attachment":[{"href":"https:\/\/www.ifbaiano.edu.br\/unidades\/valenca\/wp-json\/wp\/v2\/media?parent=970"}],"wp:term":[{"taxonomy":"category","embeddable":true,"href":"https:\/\/www.ifbaiano.edu.br\/unidades\/valenca\/wp-json\/wp\/v2\/categories?post=970"},{"taxonomy":"post_tag","embeddable":true,"href":"https:\/\/www.ifbaiano.edu.br\/unidades\/valenca\/wp-json\/wp\/v2\/tags?post=970"}],"curies":[{"name":"wp","href":"https:\/\/api.w.org\/{rel}","templated":true}]}}