{"id":976,"date":"2011-11-04T15:41:25","date_gmt":"2011-11-04T15:41:25","guid":{"rendered":"http:\/\/www.ifbaiano.edu.br\/unidades\/valenca\/?p=976"},"modified":"2011-11-04T15:41:25","modified_gmt":"2011-11-04T15:41:25","slug":"curso-qualidade-no-atendimento-tera-inicio-dia-1611","status":"publish","type":"post","link":"https:\/\/www.ifbaiano.edu.br\/unidades\/valenca\/2011\/11\/04\/curso-qualidade-no-atendimento-tera-inicio-dia-1611\/","title":{"rendered":"Curso Qualidade no Atendimento ter\u00e1 in\u00edcio dia 16\/11"},"content":{"rendered":"<p>\u00a0Curso \u201cQualidade no Atendimento\u201d para servidores t\u00e9cnicos,\u00a0 oferecido pelo N\u00facleo de Capacita\u00e7\u00e3o\/ Coordena\u00e7\u00e3o de Desenvolvimento de Pessoas \/ DGP &#8211; IF Baiano, na modalidade EAD, com carga hor\u00e1ria de 150h ter\u00e1 in\u00edcio no dia 16 de novembro de 2011.<\/p>\n<p>\u00a0Em breve ser\u00e3o enviadas mais informa\u00e7\u00f5es sobre o curso e senhas de acesso \u00e0 plataforma de aprendizagem.<\/p>\n<p>&nbsp;<\/p>\n<p>&nbsp;<\/p>\n<p>&nbsp;<\/p>\n","protected":false},"excerpt":{"rendered":"<p>\u00a0Curso \u201cQualidade no Atendimento\u201d para servidores t\u00e9cnicos,\u00a0 oferecido pelo N\u00facleo de Capacita\u00e7\u00e3o\/ Coordena\u00e7\u00e3o de Desenvolvimento de Pessoas \/ DGP &#8211; IF Baiano, na modalidade EAD, com carga hor\u00e1ria de 150h ter\u00e1 in\u00edcio no dia 16 de novembro de 2011. \u00a0Em breve ser\u00e3o enviadas mais informa\u00e7\u00f5es sobre o curso e senhas de acesso \u00e0 plataforma de [&hellip;]<\/p>\n","protected":false},"author":6,"featured_media":0,"comment_status":"open","ping_status":"open","sticky":false,"template":"","format":"standard","meta":[],"categories":[4,10],"tags":[],"_links":{"self":[{"href":"https:\/\/www.ifbaiano.edu.br\/unidades\/valenca\/wp-json\/wp\/v2\/posts\/976"}],"collection":[{"href":"https:\/\/www.ifbaiano.edu.br\/unidades\/valenca\/wp-json\/wp\/v2\/posts"}],"about":[{"href":"https:\/\/www.ifbaiano.edu.br\/unidades\/valenca\/wp-json\/wp\/v2\/types\/post"}],"author":[{"embeddable":true,"href":"https:\/\/www.ifbaiano.edu.br\/unidades\/valenca\/wp-json\/wp\/v2\/users\/6"}],"replies":[{"embeddable":true,"href":"https:\/\/www.ifbaiano.edu.br\/unidades\/valenca\/wp-json\/wp\/v2\/comments?post=976"}],"version-history":[{"count":2,"href":"https:\/\/www.ifbaiano.edu.br\/unidades\/valenca\/wp-json\/wp\/v2\/posts\/976\/revisions"}],"predecessor-version":[{"id":978,"href":"https:\/\/www.ifbaiano.edu.br\/unidades\/valenca\/wp-json\/wp\/v2\/posts\/976\/revisions\/978"}],"wp:attachment":[{"href":"https:\/\/www.ifbaiano.edu.br\/unidades\/valenca\/wp-json\/wp\/v2\/media?parent=976"}],"wp:term":[{"taxonomy":"category","embeddable":true,"href":"https:\/\/www.ifbaiano.edu.br\/unidades\/valenca\/wp-json\/wp\/v2\/categories?post=976"},{"taxonomy":"post_tag","embeddable":true,"href":"https:\/\/www.ifbaiano.edu.br\/unidades\/valenca\/wp-json\/wp\/v2\/tags?post=976"}],"curies":[{"name":"wp","href":"https:\/\/api.w.org\/{rel}","templated":true}]}}