{"id":9769,"date":"2024-04-15T20:47:01","date_gmt":"2024-04-15T23:47:01","guid":{"rendered":"https:\/\/www.ifbaiano.edu.br\/unidades\/valenca\/?p=9769"},"modified":"2024-04-15T20:50:14","modified_gmt":"2024-04-15T23:50:14","slug":"nota-oficial-sobre-a-greve-de-docentes-e-trabalhadores-tecnico-administrativos-ifbaiano-campus-valenca","status":"publish","type":"post","link":"https:\/\/www.ifbaiano.edu.br\/unidades\/valenca\/2024\/04\/15\/nota-oficial-sobre-a-greve-de-docentes-e-trabalhadores-tecnico-administrativos-ifbaiano-campus-valenca\/","title":{"rendered":"NOTA OFICIAL SOBRE A GREVE DE DOCENTES E TRABALHADORES T\u00c9CNICO-ADMINISTRATIVOS: IFBAIANO, CAMPUS VALEN\u00c7A"},"content":{"rendered":"\n<figure class=\"wp-block-image size-full is-resized\"><a href=\"https:\/\/www.ifbaiano.edu.br\/unidades\/valenca\/files\/2024\/04\/Imagem-do-WhatsApp-de-2024-04-15-as-10.55.07_6d4bf5a2.jpg\"><img decoding=\"async\" loading=\"lazy\" src=\"https:\/\/www.ifbaiano.edu.br\/unidades\/valenca\/files\/2024\/04\/Imagem-do-WhatsApp-de-2024-04-15-as-10.55.07_6d4bf5a2.jpg\" alt=\"\" class=\"wp-image-9773\" width=\"429\" height=\"322\" \/><\/a><\/figure>\n\n\n\n<p>A Gest\u00e3o do IF Baiano, Campus Valen\u00e7a, vem a p\u00fablico comunicar sobre a delibera\u00e7\u00e3o do Sindicato Nacional dos Servidores Federais da Educa\u00e7\u00e3o B\u00e1sica, Profissional e Tecnol\u00f3gica (SINASEFE) pela deflagra\u00e7\u00e3o de Greve Nacional, em sua 188\u00aa Plena, e do posicionamento dos servidores do IF Baiano Campus Valen\u00e7a (T\u00e9cnicos Administrativos e Docentes) que definiram em assembleia, no dia 04 de abril, pela ades\u00e3o \u00e0 Greve Nacional no Campus para in\u00edcio no dia 15 de abril de 2024, por tempo indeterminado.<\/p>\n\n\n\n<p>Reconhecemos a legitimidade do movimento de docentes e trabalhadores t\u00e9cnico-administrativos, tendo ci\u00eancia que a forma de luta da greve foi decidida em assembleias representativas das duas categorias. Ademais, ratificamos que a pauta de reivindica\u00e7\u00f5es envolvendo a reestrutura\u00e7\u00e3o das carreiras, a recomposi\u00e7\u00e3o salarial dos servidores e do or\u00e7amento do Instituto e a revoga\u00e7\u00e3o de medidas que afetam a educa\u00e7\u00e3o p\u00fablica s\u00e3o importantes para a garantia e constante melhoria da oferta de uma educa\u00e7\u00e3o p\u00fablica, gratuita e de qualidade socialmente referenciada. Portanto, essa \u00e9 uma greve apoiada pela Gest\u00e3o do Campus Valen\u00e7a.<\/p>\n\n\n\n<p>Comunicamos, tamb\u00e9m, que o Campus manter\u00e1 em funcionamento as atividades essenciais, acordadas em Assembleia. Todas as informa\u00e7\u00f5es sobre as atividades mantidas no Campus, bem como informa\u00e7\u00f5es do movimento de greve, ser\u00e3o disponibilizadas no site.<br>Aos estudantes e respons\u00e1veis, reafirmamos nosso compromisso com o IF Baiano, Campus Valen\u00e7a, garantindo a compensa\u00e7\u00e3o das atividades letivas\/acad\u00eamicas e administrativas, posteriormente, ap\u00f3s finaliza\u00e7\u00e3o da greve e retorno \u00e0s aulas.<br>Informamos que haver\u00e1 Plant\u00e3o do Comando de Greve Local todas as segundas-feiras, das 9:00h \u00e0s 12:00h, no Campus Valen\u00e7a.<br>Cientes da compreens\u00e3o de todos e todas, colocamo-nos&nbsp;\u00e0&nbsp;disposi\u00e7\u00e3o.<\/p>\n\n\n\n<figure class=\"wp-block-gallery has-nested-images columns-default is-cropped wp-block-gallery-1 is-layout-flex\">\n<figure class=\"wp-block-image size-large\"><a href=\"https:\/\/www.ifbaiano.edu.br\/unidades\/valenca\/files\/2024\/04\/IMG-20240415-WA0059.jpg\"><img decoding=\"async\" loading=\"lazy\" width=\"1600\" height=\"1200\" data-id=\"9774\"  src=\"https:\/\/www.ifbaiano.edu.br\/unidades\/valenca\/files\/2024\/04\/IMG-20240415-WA0059.jpg\" alt=\"\" class=\"wp-image-9774\" \/><\/a><\/figure>\n\n\n\n<figure class=\"wp-block-image size-full\"><a href=\"https:\/\/www.ifbaiano.edu.br\/unidades\/valenca\/files\/2024\/04\/IMG-20240415-WA0081-1.jpg\"><img decoding=\"async\" loading=\"lazy\" width=\"3000\" height=\"4000\" data-id=\"9778\"  src=\"https:\/\/www.ifbaiano.edu.br\/unidades\/valenca\/files\/2024\/04\/IMG-20240415-WA0081-1.jpg\" alt=\"\" class=\"wp-image-9778\" \/><\/a><\/figure>\n<\/figure>\n","protected":false},"excerpt":{"rendered":"<p>A Gest\u00e3o do IF Baiano, Campus Valen\u00e7a, vem a p\u00fablico comunicar sobre a delibera\u00e7\u00e3o do Sindicato Nacional dos Servidores Federais da Educa\u00e7\u00e3o B\u00e1sica, Profissional e Tecnol\u00f3gica (SINASEFE) pela deflagra\u00e7\u00e3o de Greve Nacional, em sua 188\u00aa Plena, e do posicionamento dos servidores do IF Baiano Campus Valen\u00e7a (T\u00e9cnicos Administrativos e Docentes) que definiram em assembleia, no [&hellip;]<\/p>\n","protected":false},"author":171,"featured_media":9778,"comment_status":"open","ping_status":"open","sticky":false,"template":"","format":"standard","meta":[],"categories":[5,6,7,63],"tags":[],"_links":{"self":[{"href":"https:\/\/www.ifbaiano.edu.br\/unidades\/valenca\/wp-json\/wp\/v2\/posts\/9769"}],"collection":[{"href":"https:\/\/www.ifbaiano.edu.br\/unidades\/valenca\/wp-json\/wp\/v2\/posts"}],"about":[{"href":"https:\/\/www.ifbaiano.edu.br\/unidades\/valenca\/wp-json\/wp\/v2\/types\/post"}],"author":[{"embeddable":true,"href":"https:\/\/www.ifbaiano.edu.br\/unidades\/valenca\/wp-json\/wp\/v2\/users\/171"}],"replies":[{"embeddable":true,"href":"https:\/\/www.ifbaiano.edu.br\/unidades\/valenca\/wp-json\/wp\/v2\/comments?post=9769"}],"version-history":[{"count":3,"href":"https:\/\/www.ifbaiano.edu.br\/unidades\/valenca\/wp-json\/wp\/v2\/posts\/9769\/revisions"}],"predecessor-version":[{"id":9782,"href":"https:\/\/www.ifbaiano.edu.br\/unidades\/valenca\/wp-json\/wp\/v2\/posts\/9769\/revisions\/9782"}],"wp:featuredmedia":[{"embeddable":true,"href":"https:\/\/www.ifbaiano.edu.br\/unidades\/valenca\/wp-json\/wp\/v2\/media\/9778"}],"wp:attachment":[{"href":"https:\/\/www.ifbaiano.edu.br\/unidades\/valenca\/wp-json\/wp\/v2\/media?parent=9769"}],"wp:term":[{"taxonomy":"category","embeddable":true,"href":"https:\/\/www.ifbaiano.edu.br\/unidades\/valenca\/wp-json\/wp\/v2\/categories?post=9769"},{"taxonomy":"post_tag","embeddable":true,"href":"https:\/\/www.ifbaiano.edu.br\/unidades\/valenca\/wp-json\/wp\/v2\/tags?post=9769"}],"curies":[{"name":"wp","href":"https:\/\/api.w.org\/{rel}","templated":true}]}}