{"id":9787,"date":"2024-05-10T00:06:02","date_gmt":"2024-05-10T03:06:02","guid":{"rendered":"https:\/\/www.ifbaiano.edu.br\/unidades\/valenca\/?p=9787"},"modified":"2024-05-30T00:29:03","modified_gmt":"2024-05-30T03:29:03","slug":"if-baiano-valenca-sediara-o-iii-seminario-da-rede-de-recursos-geneticos-animais-do-nordeste-do-brasil-e-o-i-encontro-da-pos-graduacao-internacional-em-conservacao-de-recursos-geneticos-animais-em-sete","status":"publish","type":"post","link":"https:\/\/www.ifbaiano.edu.br\/unidades\/valenca\/2024\/05\/10\/if-baiano-valenca-sediara-o-iii-seminario-da-rede-de-recursos-geneticos-animais-do-nordeste-do-brasil-e-o-i-encontro-da-pos-graduacao-internacional-em-conservacao-de-recursos-geneticos-animais-em-sete\/","title":{"rendered":"IF Baiano Valen\u00e7a sediar\u00e1 o III Semin\u00e1rio da Rede de Recursos Gen\u00e9ticos Animais do Nordeste do Brasil e I Encontro da P\u00f3s-Gradua\u00e7\u00e3o Internacional em Conserva\u00e7\u00e3o de Recursos Gen\u00e9ticos Animais em setembro"},"content":{"rendered":"\n<p>O evento \u00e9 presencial e as inscri\u00e7\u00f5es online para apresenta\u00e7\u00e3o de trabalho estar\u00e3o abertas at\u00e9 31\/05 <\/p>\n\n\n\n<figure class=\"wp-block-gallery has-nested-images columns-default is-cropped wp-block-gallery-1 is-layout-flex\">\n<figure class=\"wp-block-image size-large\"><a href=\"https:\/\/www.ifbaiano.edu.br\/unidades\/valenca\/files\/2024\/05\/Topo_de_site-1.jpg\"><img decoding=\"async\" loading=\"lazy\" width=\"628\" height=\"368\" data-id=\"9788\"  src=\"https:\/\/www.ifbaiano.edu.br\/unidades\/valenca\/files\/2024\/05\/Topo_de_site-1.jpg\" alt=\"\" class=\"wp-image-9788\" \/><\/a><\/figure>\n<\/figure>\n\n\n\n<p>O Instituto Federal Baiano (IF Baiano), Campus Valen\u00e7a, tem o orgulho de sediar dois eventos significativos em setembro de 2024: o III Semin\u00e1rio da Rede de Recursos Gen\u00e9ticos Animais do Nordeste do Brasil e o I Encontro da P\u00f3s-Gradua\u00e7\u00e3o Internacional em Conserva\u00e7\u00e3o de Recursos Gen\u00e9ticos Animais, que ocorrer\u00e3o de 04 a 07 de setembro de 2024.<\/p>\n\n\n\n<p>Os eventos t\u00eam como objetivo promover a conserva\u00e7\u00e3o da biodiversidade animal na era da populariza\u00e7\u00e3o cient\u00edfica. Pesquisadores, estudantes, comunidades tradicionais e profissionais se encontrar\u00e3o para compartilharem conhecimentos t\u00e9cnico-cient\u00edficos, locais e tradicionais, relacionados \u00e0 conserva\u00e7\u00e3o e valoriza\u00e7\u00e3o do patrim\u00f4nio gen\u00e9tico animal, em seus diferentes agroecossistemas. A programa\u00e7\u00e3o pode ser acessada no site <a href=\"https:\/\/www.even3.com.br\/crga2024_valenca\/\">https:\/\/www.even3.com.br\/crga2024_valenca\/<\/a><\/p>\n\n\n\n<p><strong>Parceiros do evento<\/strong><\/p>\n\n\n\n<p>O semin\u00e1rio \u00e9 uma realiza\u00e7\u00e3o do IF Baiano e da Rede de Recursos Gen\u00e9ticos Animais do Nordeste e conta com o apoio financeiro da CAPES e apoio de institui\u00e7\u00f5es renomadas, incluindo UESB, CEDASB, INSA, ABZ, UFBA, UFRB, UFRPE, RED CONBIAND, UNACH (Mx), IFAPA (Esp), UCO (Esp), RED REZGEN-IBA,\u00a0entre outras que compartilham o compromisso com o avan\u00e7o da ci\u00eancia e a sustentabilidade ambiental.<\/p>\n\n\n\n<p>O encontro contribuir\u00e1 consideravelmente para o enriquecimento do saber acad\u00eamico, promo\u00e7\u00e3o e produ\u00e7\u00e3o de conhecimentos e saberes tradicionais, estabelecendo conex\u00f5es entre comunidades tradicionais, guardi\u00e3s (\u00f5es) do patrim\u00f4nio gen\u00e9tico animal, pesquisadores, estudantes e profissionais. Ser\u00e1 uma oportunidade para compartilhar pesquisas acad\u00eamicas, para a popula\u00e7\u00e3o da ci\u00eancia, unindo conhecimentos nas discuss\u00f5es de oportunidades, desafios, estrat\u00e9gias e fortalecimento da Conserva\u00e7\u00e3o dos Recursos Gen\u00e9ticos Animais com uso sustent\u00e1vel das ra\u00e7as locais, nos contextos cient\u00edfico, tecnol\u00f3gico e da agricultura familiar.<\/p>\n\n\n\n<p><strong>Inscri\u00e7\u00f5es e programa\u00e7\u00e3o<\/strong><\/p>\n\n\n\n<p>As inscri\u00e7\u00f5es para o evento j\u00e1 est\u00e3o abertas e podem ser realizadas por meio do <a rel=\"noreferrer noopener\" href=\"https:\/\/www.even3.com.br\/crga2024_valenca\/\" target=\"_blank\">site oficial do evento<\/a>  e v\u00e3o at\u00e9 dia 31\/05\/2024. Confira a <a href=\"https:\/\/www.even3.com.br\/crga2024_valenca\/\">programa\u00e7\u00e3o completa<\/a>.<\/p>\n\n\n\n<p>O encontro \u00e9 uma oportunidade \u00fanica para aqueles interessados em contribuir para a conserva\u00e7\u00e3o da fauna e flora regionais, al\u00e9m de ser um espa\u00e7o para troca de conhecimentos e experi\u00eancias entre os participantes.<\/p>\n\n\n\n<p><strong>Localiza\u00e7\u00e3o<\/strong><\/p>\n\n\n\n<p>O IF Baiano &#8211; Campus Valen\u00e7a est\u00e1 localizado na Rua Glic\u00e9rio Tavares, s\/n, Valen\u00e7a &#8211; BA.<\/p>\n\n\n\n<p>Para mais informa\u00e7\u00f5es, entre em contato com a organiza\u00e7\u00e3o do evento.<\/p>\n","protected":false},"excerpt":{"rendered":"<p>O evento \u00e9 presencial e as inscri\u00e7\u00f5es online para apresenta\u00e7\u00e3o de trabalho estar\u00e3o abertas at\u00e9 31\/05 O Instituto Federal Baiano (IF Baiano), Campus Valen\u00e7a, tem o orgulho de sediar dois eventos significativos em setembro de 2024: o III Semin\u00e1rio da Rede de Recursos Gen\u00e9ticos Animais do Nordeste do Brasil e o I Encontro da P\u00f3s-Gradua\u00e7\u00e3o [&hellip;]<\/p>\n","protected":false},"author":171,"featured_media":9788,"comment_status":"open","ping_status":"open","sticky":true,"template":"","format":"standard","meta":[],"categories":[5,34,29,28,63],"tags":[71,64,316,315],"_links":{"self":[{"href":"https:\/\/www.ifbaiano.edu.br\/unidades\/valenca\/wp-json\/wp\/v2\/posts\/9787"}],"collection":[{"href":"https:\/\/www.ifbaiano.edu.br\/unidades\/valenca\/wp-json\/wp\/v2\/posts"}],"about":[{"href":"https:\/\/www.ifbaiano.edu.br\/unidades\/valenca\/wp-json\/wp\/v2\/types\/post"}],"author":[{"embeddable":true,"href":"https:\/\/www.ifbaiano.edu.br\/unidades\/valenca\/wp-json\/wp\/v2\/users\/171"}],"replies":[{"embeddable":true,"href":"https:\/\/www.ifbaiano.edu.br\/unidades\/valenca\/wp-json\/wp\/v2\/comments?post=9787"}],"version-history":[{"count":5,"href":"https:\/\/www.ifbaiano.edu.br\/unidades\/valenca\/wp-json\/wp\/v2\/posts\/9787\/revisions"}],"predecessor-version":[{"id":9811,"href":"https:\/\/www.ifbaiano.edu.br\/unidades\/valenca\/wp-json\/wp\/v2\/posts\/9787\/revisions\/9811"}],"wp:featuredmedia":[{"embeddable":true,"href":"https:\/\/www.ifbaiano.edu.br\/unidades\/valenca\/wp-json\/wp\/v2\/media\/9788"}],"wp:attachment":[{"href":"https:\/\/www.ifbaiano.edu.br\/unidades\/valenca\/wp-json\/wp\/v2\/media?parent=9787"}],"wp:term":[{"taxonomy":"category","embeddable":true,"href":"https:\/\/www.ifbaiano.edu.br\/unidades\/valenca\/wp-json\/wp\/v2\/categories?post=9787"},{"taxonomy":"post_tag","embeddable":true,"href":"https:\/\/www.ifbaiano.edu.br\/unidades\/valenca\/wp-json\/wp\/v2\/tags?post=9787"}],"curies":[{"name":"wp","href":"https:\/\/api.w.org\/{rel}","templated":true}]}}