{"id":979,"date":"2011-11-04T15:48:32","date_gmt":"2011-11-04T15:48:32","guid":{"rendered":"http:\/\/www.ifbaiano.edu.br\/unidades\/valenca\/?p=979"},"modified":"2011-11-04T15:50:17","modified_gmt":"2011-11-04T15:50:17","slug":"a-segunda-fase-da-7-obmep-sera-amanha-confira-hora-e-local-de-prova","status":"publish","type":"post","link":"https:\/\/www.ifbaiano.edu.br\/unidades\/valenca\/2011\/11\/04\/a-segunda-fase-da-7-obmep-sera-amanha-confira-hora-e-local-de-prova\/","title":{"rendered":"A segunda fase da 7\u00ba OBMEP ser\u00e1 amanh\u00e3. Confira hora e local de prova"},"content":{"rendered":"<p>A prova dessa fase ser\u00e1 no pr\u00f3ximo s\u00e1bado, dia 05 de Novembro, \u00e0s 14:30h (Hor\u00e1rio de Bras\u00edlia) e o centro de aplica\u00e7\u00e3o ser\u00e1 no COL\u00c9GIO ESTADUAL GENTIL PARAISO MARTINS \u2013 Endere\u00e7o: RUA PROF PEDRO SANCHO, 49, GRA\u00c7A, \u2013 VALEN\u00c7A, BA.<\/p>\n<p>Os alunos classificados dever\u00e3o apresentar-se, no Centro descrito acima, portando documento original de identidade (carteira de identidade ou certid\u00e3o de nascimento ou carteira escolar) e o cart\u00e3o informativo da OBMEP (enviado a todas as escolas via postal). \u00c9 recomend\u00e1vel que o aluno se apresente no CENTRO DE APLICA\u00c7\u00c3O com, pelo menos, trinta minutos de anteced\u00eancia.<\/p>\n<p>Confira lista de candidatos aprovados,<\/p>\n<table width=\"100%\" border=\"0\" cellspacing=\"0\" cellpadding=\"0\">\n<tbody>\n<tr>\n<td valign=\"top\" width=\"9%\">\u00a0<\/td>\n<td valign=\"top\" width=\"24%\">\n<p align=\"center\"><strong>C\u00f3digo<\/strong><\/p>\n<\/td>\n<td valign=\"top\" width=\"41%\">\n<p align=\"center\"><strong>Nome do Aluno<\/strong><\/p>\n<\/td>\n<td valign=\"top\" width=\"25%\">\n<p align=\"center\"><strong>Sala de Prova na 2<sup>a<\/sup> Fase<\/strong><\/p>\n<\/td>\n<\/tr>\n<tr>\n<td valign=\"top\" width=\"9%\">\n<p align=\"center\">1<\/p>\n<\/td>\n<td valign=\"top\" width=\"24%\">\n<p align=\"center\">BA29291119300040<\/p>\n<\/td>\n<td valign=\"top\" width=\"41%\">\n<p align=\"center\">ALDAIR SILVA FRANCA<\/p>\n<\/td>\n<td valign=\"top\" width=\"25%\">\n<p align=\"center\">Sala-08<\/p>\n<\/td>\n<\/tr>\n<tr>\n<td valign=\"top\" width=\"9%\">\n<p align=\"center\">2<\/p>\n<\/td>\n<td valign=\"top\" width=\"24%\">\n<p align=\"center\">BA29291119300051<\/p>\n<\/td>\n<td valign=\"top\" width=\"41%\">\n<p align=\"center\">DENISSON DARLEY MENEZES DOS SANTOS<\/p>\n<\/td>\n<td valign=\"top\" width=\"25%\">\n<p align=\"center\">Sala-08<\/p>\n<\/td>\n<\/tr>\n<tr>\n<td valign=\"top\" width=\"9%\">\n<p align=\"center\">3<\/p>\n<\/td>\n<td valign=\"top\" width=\"24%\">\n<p align=\"center\">BA29291119300105<\/p>\n<\/td>\n<td valign=\"top\" width=\"41%\">\n<p align=\"center\">ELEDILCE SANTOS DO ROSARIO<\/p>\n<\/td>\n<td valign=\"top\" width=\"25%\">\n<p align=\"center\">Sala-08<\/p>\n<\/td>\n<\/tr>\n<tr>\n<td valign=\"top\" width=\"9%\">\n<p align=\"center\">4<\/p>\n<\/td>\n<td valign=\"top\" width=\"24%\">\n<p align=\"center\">BA29291119300099<\/p>\n<\/td>\n<td valign=\"top\" width=\"41%\">\n<p align=\"center\">ELISAMA COSTA DOS SANTOS<\/p>\n<\/td>\n<td valign=\"top\" width=\"25%\">\n<p align=\"center\">Sala-08<\/p>\n<\/td>\n<\/tr>\n<tr>\n<td valign=\"top\" width=\"9%\">\n<p align=\"center\">5<\/p>\n<\/td>\n<td valign=\"top\" width=\"24%\">\n<p align=\"center\">BA29291119300075<\/p>\n<\/td>\n<td valign=\"top\" width=\"41%\">\n<p align=\"center\">FRANCIELE DE JESUS CONCEICAO<\/p>\n<\/td>\n<td valign=\"top\" width=\"25%\">\n<p align=\"center\">Sala-08<\/p>\n<\/td>\n<\/tr>\n<tr>\n<td valign=\"top\" width=\"9%\">\n<p align=\"center\">6<\/p>\n<\/td>\n<td valign=\"top\" width=\"24%\">\n<p align=\"center\">BA29291119300063<\/p>\n<\/td>\n<td valign=\"top\" width=\"41%\">\n<p align=\"center\">IRANDIR IGOR MIRANDA C MELGARO<\/p>\n<\/td>\n<td valign=\"top\" width=\"25%\">\n<p align=\"center\">Sala-08<\/p>\n<\/td>\n<\/tr>\n<tr>\n<td valign=\"top\" width=\"9%\">\n<p align=\"center\">7<\/p>\n<\/td>\n<td valign=\"top\" width=\"24%\">\n<p align=\"center\">BA29291119300117<\/p>\n<\/td>\n<td valign=\"top\" width=\"41%\">\n<p align=\"center\">ISNAIA ALCANTARA DA SILVA<\/p>\n<\/td>\n<td valign=\"top\" width=\"25%\">\n<p align=\"center\">Sala-08<\/p>\n<\/td>\n<\/tr>\n<tr>\n<td valign=\"top\" width=\"9%\">\n<p align=\"center\">8<\/p>\n<\/td>\n<td valign=\"top\" width=\"24%\">\n<p align=\"center\">BA29291119300038<\/p>\n<\/td>\n<td valign=\"top\" width=\"41%\">\n<p align=\"center\">KALIANE TAVARES ARAUJO<\/p>\n<\/td>\n<td valign=\"top\" width=\"25%\">\n<p align=\"center\">Sala-08<\/p>\n<\/td>\n<\/tr>\n<tr>\n<td valign=\"top\" width=\"9%\">\n<p align=\"center\">9<\/p>\n<\/td>\n<td valign=\"top\" width=\"24%\">\n<p align=\"center\">BA29291119300026<\/p>\n<\/td>\n<td valign=\"top\" width=\"41%\">\n<p align=\"center\">KAYLA CONCEICAO SANTOS<\/p>\n<\/td>\n<td valign=\"top\" width=\"25%\">\n<p align=\"center\">Sala-08<\/p>\n<\/td>\n<\/tr>\n<tr>\n<td valign=\"top\" width=\"9%\">\n<p align=\"center\">10<\/p>\n<\/td>\n<td valign=\"top\" width=\"24%\">\n<p align=\"center\">BA29291119300014<\/p>\n<\/td>\n<td valign=\"top\" width=\"41%\">\n<p align=\"center\">LUANE DOS SANTOS PEREIRA<\/p>\n<\/td>\n<td valign=\"top\" width=\"25%\">\n<p align=\"center\">Sala-08<\/p>\n<\/td>\n<\/tr>\n<tr>\n<td valign=\"top\" width=\"9%\">\n<p align=\"center\">11<\/p>\n<\/td>\n<td valign=\"top\" width=\"24%\">\n<p align=\"center\">BA29291119300087<\/p>\n<\/td>\n<td valign=\"top\" width=\"41%\">\n<p align=\"center\">NAIARA SANTOS DA CONCEICAO<\/p>\n<\/td>\n<td valign=\"top\" width=\"25%\">\n<p align=\"center\">Sala-08<\/p>\n<\/td>\n<\/tr>\n<\/tbody>\n<\/table>\n<p>\u00a0Outras informa\u00e7\u00f5es podem ser acompanhadas no site da <strong>7\u00aa OBMEP 2011: <\/strong><a href=\"http:\/\/www.obmep.org.br\/\">www.obmep.org.br<\/a> <sup>[2]<\/sup><\/p>\n","protected":false},"excerpt":{"rendered":"<p>A prova dessa fase ser\u00e1 no pr\u00f3ximo s\u00e1bado, dia 05 de Novembro, \u00e0s 14:30h (Hor\u00e1rio de Bras\u00edlia) e o centro de aplica\u00e7\u00e3o ser\u00e1 no COL\u00c9GIO ESTADUAL GENTIL PARAISO MARTINS \u2013 Endere\u00e7o: RUA PROF PEDRO SANCHO, 49, GRA\u00c7A, \u2013 VALEN\u00c7A, BA. Os alunos classificados dever\u00e3o apresentar-se, no Centro descrito acima, portando documento original de identidade (carteira [&hellip;]<\/p>\n","protected":false},"author":6,"featured_media":0,"comment_status":"open","ping_status":"open","sticky":false,"template":"","format":"standard","meta":[],"categories":[5,25,10],"tags":[],"_links":{"self":[{"href":"https:\/\/www.ifbaiano.edu.br\/unidades\/valenca\/wp-json\/wp\/v2\/posts\/979"}],"collection":[{"href":"https:\/\/www.ifbaiano.edu.br\/unidades\/valenca\/wp-json\/wp\/v2\/posts"}],"about":[{"href":"https:\/\/www.ifbaiano.edu.br\/unidades\/valenca\/wp-json\/wp\/v2\/types\/post"}],"author":[{"embeddable":true,"href":"https:\/\/www.ifbaiano.edu.br\/unidades\/valenca\/wp-json\/wp\/v2\/users\/6"}],"replies":[{"embeddable":true,"href":"https:\/\/www.ifbaiano.edu.br\/unidades\/valenca\/wp-json\/wp\/v2\/comments?post=979"}],"version-history":[{"count":5,"href":"https:\/\/www.ifbaiano.edu.br\/unidades\/valenca\/wp-json\/wp\/v2\/posts\/979\/revisions"}],"predecessor-version":[{"id":984,"href":"https:\/\/www.ifbaiano.edu.br\/unidades\/valenca\/wp-json\/wp\/v2\/posts\/979\/revisions\/984"}],"wp:attachment":[{"href":"https:\/\/www.ifbaiano.edu.br\/unidades\/valenca\/wp-json\/wp\/v2\/media?parent=979"}],"wp:term":[{"taxonomy":"category","embeddable":true,"href":"https:\/\/www.ifbaiano.edu.br\/unidades\/valenca\/wp-json\/wp\/v2\/categories?post=979"},{"taxonomy":"post_tag","embeddable":true,"href":"https:\/\/www.ifbaiano.edu.br\/unidades\/valenca\/wp-json\/wp\/v2\/tags?post=979"}],"curies":[{"name":"wp","href":"https:\/\/api.w.org\/{rel}","templated":true}]}}