{"id":9800,"date":"2024-05-10T12:54:34","date_gmt":"2024-05-10T15:54:34","guid":{"rendered":"https:\/\/www.ifbaiano.edu.br\/unidades\/valenca\/?p=9800"},"modified":"2024-05-10T12:59:38","modified_gmt":"2024-05-10T15:59:38","slug":"pregao-eletronico-edital-no-03-2024-aquisicao-de-bens-de-consumo-e-permanentes-para-provimento-dos-laboratorios-didaticos-do-instituto-federal-de-educacao-ciencia-e-tecnologia-baiano-ifbaiano-ca","status":"publish","type":"post","link":"https:\/\/www.ifbaiano.edu.br\/unidades\/valenca\/2024\/05\/10\/pregao-eletronico-edital-no-03-2024-aquisicao-de-bens-de-consumo-e-permanentes-para-provimento-dos-laboratorios-didaticos-do-instituto-federal-de-educacao-ciencia-e-tecnologia-baiano-ifbaiano-ca\/","title":{"rendered":"PREG\u00c3O ELETR\u00d4NICO Edital n\u00ba 03\/2024 -Aquisi\u00e7\u00e3o de bens de consumo e permanentes para provimento dos Laborat\u00f3rios Did\u00e1ticos do Instituto Federal de Educa\u00e7\u00e3o, Ci\u00eancia e Tecnologia Baiano (IFBAIANO) &#8211; Campus Valen\u00e7a Federal"},"content":{"rendered":"\n<div class=\"wp-block-file\"><a id=\"wp-block-file--media-8faa3cf3-2e98-4cd5-a734-b117af46af93\" href=\"https:\/\/www.ifbaiano.edu.br\/unidades\/valenca\/files\/2024\/05\/Edital_PREGAO_03_2024.pdf\">Edital_PREGAO_03_2024<\/a><\/div>\n","protected":false},"excerpt":{"rendered":"","protected":false},"author":171,"featured_media":0,"comment_status":"open","ping_status":"open","sticky":false,"template":"","format":"standard","meta":[],"categories":[33,36,10,63],"tags":[317],"_links":{"self":[{"href":"https:\/\/www.ifbaiano.edu.br\/unidades\/valenca\/wp-json\/wp\/v2\/posts\/9800"}],"collection":[{"href":"https:\/\/www.ifbaiano.edu.br\/unidades\/valenca\/wp-json\/wp\/v2\/posts"}],"about":[{"href":"https:\/\/www.ifbaiano.edu.br\/unidades\/valenca\/wp-json\/wp\/v2\/types\/post"}],"author":[{"embeddable":true,"href":"https:\/\/www.ifbaiano.edu.br\/unidades\/valenca\/wp-json\/wp\/v2\/users\/171"}],"replies":[{"embeddable":true,"href":"https:\/\/www.ifbaiano.edu.br\/unidades\/valenca\/wp-json\/wp\/v2\/comments?post=9800"}],"version-history":[{"count":1,"href":"https:\/\/www.ifbaiano.edu.br\/unidades\/valenca\/wp-json\/wp\/v2\/posts\/9800\/revisions"}],"predecessor-version":[{"id":9801,"href":"https:\/\/www.ifbaiano.edu.br\/unidades\/valenca\/wp-json\/wp\/v2\/posts\/9800\/revisions\/9801"}],"wp:attachment":[{"href":"https:\/\/www.ifbaiano.edu.br\/unidades\/valenca\/wp-json\/wp\/v2\/media?parent=9800"}],"wp:term":[{"taxonomy":"category","embeddable":true,"href":"https:\/\/www.ifbaiano.edu.br\/unidades\/valenca\/wp-json\/wp\/v2\/categories?post=9800"},{"taxonomy":"post_tag","embeddable":true,"href":"https:\/\/www.ifbaiano.edu.br\/unidades\/valenca\/wp-json\/wp\/v2\/tags?post=9800"}],"curies":[{"name":"wp","href":"https:\/\/api.w.org\/{rel}","templated":true}]}}