{"id":9807,"date":"2024-05-30T00:03:03","date_gmt":"2024-05-30T03:03:03","guid":{"rendered":"https:\/\/www.ifbaiano.edu.br\/unidades\/valenca\/?p=9807"},"modified":"2024-05-30T00:20:53","modified_gmt":"2024-05-30T03:20:53","slug":"divulgado-o-resultado-final-do-paise-moradia-2024-1","status":"publish","type":"post","link":"https:\/\/www.ifbaiano.edu.br\/unidades\/valenca\/2024\/05\/30\/divulgado-o-resultado-final-do-paise-moradia-2024-1\/","title":{"rendered":"Divulgado o resultado final do PAISE Moradia 2024.1"},"content":{"rendered":"\n<p>Confira aqui a lista de contemplados(as) na lista de aux\u00edlio moradia do PAISE 2024.1. <\/p>\n\n\n\n<div class=\"wp-block-file\"><a id=\"wp-block-file--media-99bf6ae5-4abb-4b15-8cb3-ca3023adcf0f\" href=\"https:\/\/www.ifbaiano.edu.br\/unidades\/valenca\/files\/2024\/05\/Resultado-FINAL-PAISE-MORADIA.pdf\">Resultado-FINAL-PAISE-MORADIA<\/a><\/div>\n\n\n\n<p>Todos os selecionados devem enviar o contrato de aluguel atualizado e comprovante<br>de dados banc\u00e1rios em nome do estudante (print do aplicativo, foto do cart\u00e3o, foto<br>do extrato, etc) para o e-mail: clae@valenca.ifbaiano.edu.br at\u00e9 o dia 03\/06\/2024<br>(segunda-feira).<\/p>\n\n\n\n<p><\/p>\n\n\n\n<p><\/p>\n","protected":false},"excerpt":{"rendered":"<p>Confira aqui a lista de contemplados(as) na lista de aux\u00edlio moradia do PAISE 2024.1. Todos os selecionados devem enviar o contrato de aluguel atualizado e comprovantede dados banc\u00e1rios em nome do estudante (print do aplicativo, foto do cart\u00e3o, fotodo extrato, etc) para o e-mail: clae@valenca.ifbaiano.edu.br at\u00e9 o dia 03\/06\/2024(segunda-feira).<\/p>\n","protected":false},"author":171,"featured_media":9666,"comment_status":"open","ping_status":"open","sticky":false,"template":"","format":"standard","meta":[],"categories":[47,4,5],"tags":[],"_links":{"self":[{"href":"https:\/\/www.ifbaiano.edu.br\/unidades\/valenca\/wp-json\/wp\/v2\/posts\/9807"}],"collection":[{"href":"https:\/\/www.ifbaiano.edu.br\/unidades\/valenca\/wp-json\/wp\/v2\/posts"}],"about":[{"href":"https:\/\/www.ifbaiano.edu.br\/unidades\/valenca\/wp-json\/wp\/v2\/types\/post"}],"author":[{"embeddable":true,"href":"https:\/\/www.ifbaiano.edu.br\/unidades\/valenca\/wp-json\/wp\/v2\/users\/171"}],"replies":[{"embeddable":true,"href":"https:\/\/www.ifbaiano.edu.br\/unidades\/valenca\/wp-json\/wp\/v2\/comments?post=9807"}],"version-history":[{"count":1,"href":"https:\/\/www.ifbaiano.edu.br\/unidades\/valenca\/wp-json\/wp\/v2\/posts\/9807\/revisions"}],"predecessor-version":[{"id":9809,"href":"https:\/\/www.ifbaiano.edu.br\/unidades\/valenca\/wp-json\/wp\/v2\/posts\/9807\/revisions\/9809"}],"wp:featuredmedia":[{"embeddable":true,"href":"https:\/\/www.ifbaiano.edu.br\/unidades\/valenca\/wp-json\/wp\/v2\/media\/9666"}],"wp:attachment":[{"href":"https:\/\/www.ifbaiano.edu.br\/unidades\/valenca\/wp-json\/wp\/v2\/media?parent=9807"}],"wp:term":[{"taxonomy":"category","embeddable":true,"href":"https:\/\/www.ifbaiano.edu.br\/unidades\/valenca\/wp-json\/wp\/v2\/categories?post=9807"},{"taxonomy":"post_tag","embeddable":true,"href":"https:\/\/www.ifbaiano.edu.br\/unidades\/valenca\/wp-json\/wp\/v2\/tags?post=9807"}],"curies":[{"name":"wp","href":"https:\/\/api.w.org\/{rel}","templated":true}]}}