{"id":9812,"date":"2024-07-03T23:34:38","date_gmt":"2024-07-04T02:34:38","guid":{"rendered":"https:\/\/www.ifbaiano.edu.br\/unidades\/valenca\/?p=9812"},"modified":"2024-07-03T23:34:38","modified_gmt":"2024-07-04T02:34:38","slug":"nota-oficial-sobre-o-fim-da-greve-na-rede-federal-de-educacao-cientifica-e-tecnologica","status":"publish","type":"post","link":"https:\/\/www.ifbaiano.edu.br\/unidades\/valenca\/2024\/07\/03\/nota-oficial-sobre-o-fim-da-greve-na-rede-federal-de-educacao-cientifica-e-tecnologica\/","title":{"rendered":"NOTA OFICIAL SOBRE O FIM DA GREVE NA REDE FEDERAL DE EDUCA\u00c7\u00c3O CIENT\u00cdFICA E TECNOL\u00d3GICA"},"content":{"rendered":"\n<p>Servidores TAEs retornam \u00e0s atividades dia 4\/07 e aulas reiniciam dia 11\/07 no Campus Valen\u00e7a <\/p>\n\n\n\n<p>Prezada Comunidade Acad\u00eamica do IF Baiano Campus Valen\u00e7a,<\/p>\n\n\n\n<p>Ap\u00f3s 3 meses da deflagra\u00e7\u00e3o do movimento grevista a n\u00edvel nacional pelo Sindicato Nacional dos Servidores Federais da Educa\u00e7\u00e3o B\u00e1sica, Profissional e Tecnol\u00f3gica (SINASEFE), a Gest\u00e3o do IF Baiano, campus Valen\u00e7a, comunica a toda a comunidade escolar o fim da greve dos(as) servidores(as) das Institui\u00e7\u00f5es Federais de Educa\u00e7\u00e3o e o retorno \u00e0s atividades no campus a partir do dia 04 de julho de 2024.<\/p>\n\n\n\n<p>Em Assembleia, ocorrida dia 03 de julho de 2024, ficou deliberada a seguinte programa\u00e7\u00e3o de retorno \u00e0s atividades, considerando as f\u00e9rias discentes\/docentes j\u00e1 programadas para o per\u00edodo de 26\/06 a 10\/07:<\/p>\n\n\n\n<ul>\n<li>04\/07\/2024: retorno dos servidores T\u00e9cnicos Administrativos ao trabalho, no Campus;<\/li>\n\n\n\n<li>04\/07 a 10\/07: Reuni\u00e3o da Comiss\u00e3o de Calend\u00e1rio, com representantes de todas as categorias, para elaborar o novo calend\u00e1rio p\u00f3s-greve;<\/li>\n\n\n\n<li>11\/07: Retorno das Aulas presenciais;<\/li>\n\n\n\n<li>17\/07: \u2013 Reuni\u00e3o com pais e\/ou respons\u00e1veis de estudantes dos Cursos Integrados, estudantes dos Cursos Subsequente e de p\u00f3s-Gradua\u00e7\u00e3o;<\/li>\n<\/ul>\n\n\n\n<p>Em tempo, agradecemos a compreens\u00e3o e apoio durante este per\u00edodo desafiador para todos (as) e reiteramos nosso compromisso com uma educa\u00e7\u00e3o p\u00fablica, gratuita e de qualidade e com a valoriza\u00e7\u00e3o de todos os membros de nossa comunidade acad\u00eamica. Nossas conquistas para a educa\u00e7\u00e3o p\u00fablica e para as categorias TAE e docente foram:<\/p>\n\n\n\n<ol>\n<li>Recomposi\u00e7\u00e3o de R$ 120,7 milh\u00f5es para os institutos federais;<\/li>\n\n\n\n<li>Recomposi\u00e7\u00e3o de R$ 279 milh\u00f5es para as universidades federais;<\/li>\n\n\n\n<li>Aprova\u00e7\u00e3o da Lei da Pol\u00edtica Nacional de Assist\u00eancia Estudantil (PNAES);<\/li>\n\n\n\n<li>Destina\u00e7\u00e3o de R$ 3,9 bilh\u00f5es at\u00e9 2026 em investimentos para os institutos;<\/li>\n\n\n\n<li>Destina\u00e7\u00e3o de R$ 5,5 bilh\u00f5es em investimentos para universidades e hospitais universit\u00e1rios.<\/li>\n<\/ol>\n\n\n\n<p>Conquistas para TAEs:<\/p>\n\n\n\n<ol start=\"6\">\n<li>Reestrutura\u00e7\u00e3o remunerat\u00f3ria;<\/li>\n\n\n\n<li>Reestrutura\u00e7\u00e3o da carreira;<\/li>\n\n\n\n<li>Implanta\u00e7\u00e3o do RSC em 2026;<\/li>\n\n\n\n<li>Jornada de trabalho de 6 horas ininterruptas (30 horas semanais) sem redu\u00e7\u00e3o da remunera\u00e7\u00e3o;<\/li>\n\n\n\n<li>Implanta\u00e7\u00e3o de hora ficta;<\/li>\n\n\n\n<li>Concursos de Int\u00e9rpretes de LIBRAS (N\u00edvel E);<\/li>\n\n\n\n<li>Reposicionamento dos aposentados.<\/li>\n<\/ol>\n\n\n\n<p>Conquistas para docentes:<\/p>\n\n\n\n<ol start=\"13\">\n<li>Revoga\u00e7\u00e3o da Portaria n\u00b0 983\/2020;<\/li>\n\n\n\n<li>Reestrutura\u00e7\u00e3o dos cargos;<\/li>\n\n\n\n<li>Reestrutura\u00e7\u00e3o remunerat\u00f3ria;<\/li>\n\n\n\n<li>Libera\u00e7\u00e3o do controle de frequ\u00eancia aos docentes EBTT;<\/li>\n\n\n\n<li>Previs\u00e3o de regras padronizadas para a progress\u00e3o docente;<\/li>\n\n\n\n<li>Fim dos recursos judiciais os contra os processos de concess\u00e3o do Reconhecimento de Saberes e Compet\u00eancias (RSC);<\/li>\n\n\n\n<li>Recomposi\u00e7\u00e3o do Conselho Permanente de RSC (CPRSC);<\/li>\n\n\n\n<li>Reenquadramento de aposentados, entrada lateral, e insalubridade (revoga\u00e7\u00e3o da IN 15).<\/li>\n<\/ol>\n\n\n\n<p>Para manter-se conectado e informado, segue link do Sindicato (SINASEFE): https:\/\/sinasefe.org.br\/site\/cng-sinasefe-lista-conquistas-do-movimento-paredista-2024\/<\/p>\n\n\n\n<p>Atenciosamente,<br>Dire\u00e7\u00e3o Geral do&nbsp;Campus&nbsp;Valen\u00e7a<\/p>\n","protected":false},"excerpt":{"rendered":"<p>Servidores TAEs retornam \u00e0s atividades dia 4\/07 e aulas reiniciam dia 11\/07 no Campus Valen\u00e7a Prezada Comunidade Acad\u00eamica do IF Baiano Campus Valen\u00e7a, Ap\u00f3s 3 meses da deflagra\u00e7\u00e3o do movimento grevista a n\u00edvel nacional pelo Sindicato Nacional dos Servidores Federais da Educa\u00e7\u00e3o B\u00e1sica, Profissional e Tecnol\u00f3gica (SINASEFE), a Gest\u00e3o do IF Baiano, campus Valen\u00e7a, comunica [&hellip;]<\/p>\n","protected":false},"author":171,"featured_media":9813,"comment_status":"open","ping_status":"open","sticky":true,"template":"","format":"standard","meta":[],"categories":[5,7,36,10,63],"tags":[],"_links":{"self":[{"href":"https:\/\/www.ifbaiano.edu.br\/unidades\/valenca\/wp-json\/wp\/v2\/posts\/9812"}],"collection":[{"href":"https:\/\/www.ifbaiano.edu.br\/unidades\/valenca\/wp-json\/wp\/v2\/posts"}],"about":[{"href":"https:\/\/www.ifbaiano.edu.br\/unidades\/valenca\/wp-json\/wp\/v2\/types\/post"}],"author":[{"embeddable":true,"href":"https:\/\/www.ifbaiano.edu.br\/unidades\/valenca\/wp-json\/wp\/v2\/users\/171"}],"replies":[{"embeddable":true,"href":"https:\/\/www.ifbaiano.edu.br\/unidades\/valenca\/wp-json\/wp\/v2\/comments?post=9812"}],"version-history":[{"count":1,"href":"https:\/\/www.ifbaiano.edu.br\/unidades\/valenca\/wp-json\/wp\/v2\/posts\/9812\/revisions"}],"predecessor-version":[{"id":9814,"href":"https:\/\/www.ifbaiano.edu.br\/unidades\/valenca\/wp-json\/wp\/v2\/posts\/9812\/revisions\/9814"}],"wp:featuredmedia":[{"embeddable":true,"href":"https:\/\/www.ifbaiano.edu.br\/unidades\/valenca\/wp-json\/wp\/v2\/media\/9813"}],"wp:attachment":[{"href":"https:\/\/www.ifbaiano.edu.br\/unidades\/valenca\/wp-json\/wp\/v2\/media?parent=9812"}],"wp:term":[{"taxonomy":"category","embeddable":true,"href":"https:\/\/www.ifbaiano.edu.br\/unidades\/valenca\/wp-json\/wp\/v2\/categories?post=9812"},{"taxonomy":"post_tag","embeddable":true,"href":"https:\/\/www.ifbaiano.edu.br\/unidades\/valenca\/wp-json\/wp\/v2\/tags?post=9812"}],"curies":[{"name":"wp","href":"https:\/\/api.w.org\/{rel}","templated":true}]}}