{"id":9827,"date":"2024-07-17T18:56:03","date_gmt":"2024-07-17T21:56:03","guid":{"rendered":"https:\/\/www.ifbaiano.edu.br\/unidades\/valenca\/?p=9827"},"modified":"2024-07-17T18:56:03","modified_gmt":"2024-07-17T21:56:03","slug":"edital-no-09-2024-de-12-de-marco-de-2024-programa-de-incentivo-a-cultura-esporte-e-lazer-pincel","status":"publish","type":"post","link":"https:\/\/www.ifbaiano.edu.br\/unidades\/valenca\/2024\/07\/17\/edital-no-09-2024-de-12-de-marco-de-2024-programa-de-incentivo-a-cultura-esporte-e-lazer-pincel\/","title":{"rendered":"Edital n\u00ba 09\/2024, de 12 de mar\u00e7o de 2024 PROGRAMA DE INCENTIVO \u00c0 CULTURA, ESPORTE E LAZER \u2013 PINCEL"},"content":{"rendered":"\n<p>Diretor-Geral do Instituto Federal de Educa\u00e7\u00e3o, Ci\u00eancia e Tecnologia Baiano, Campus Valen\u00e7a, nomeado sob Portaria N\u00ba 286, de 18\/03\/2022, no D.O.U. de 21\/03\/2022, de acordo com as disposi\u00e7\u00f5es da legisla\u00e7\u00e3o em vigor, e de acordo com as disposi\u00e7\u00f5es contidas na Lei n\u00ba 11.892, de 29\/12\/2008, e na Lei n\u00ba 8.112, de 11\/12\/1990, considerando ainda o Decreto n\u00b0 7.234\/2010 e a Resolu\u00e7\u00e3o N\u00ba 01, de 29 de janeiro de 2019, que institui a Pol\u00edtica de Assist\u00eancia Estudantil no \u00e2mbito do IF Baiano, torna p\u00fablico o presente Edital de Fluxo Cont\u00ednuo que estabelece as normas e crit\u00e9rios para sele\u00e7\u00e3o priorit\u00e1ria de estudantes em vulnerabilidade socioecon\u00f4mica, de cursos presenciais e a dist\u00e2ncia, com a finalidade de participa\u00e7\u00e3o na Pol\u00edtica de Assist\u00eancia Estudantil deste Instituto, por meio do Programa de Incentivo \u00e0 Cultura, Esporte e Lazer (PINCEL).<\/p>\n\n\n\n<div class=\"wp-block-file\"><a id=\"wp-block-file--media-cf3901ec-f04b-4805-be12-7ba7270bf7cf\" href=\"https:\/\/www.ifbaiano.edu.br\/unidades\/valenca\/files\/2024\/07\/Edital_PINCEL.pdf\">Edital_PINCEL<\/a><\/div>\n","protected":false},"excerpt":{"rendered":"<p>Diretor-Geral do Instituto Federal de Educa\u00e7\u00e3o, Ci\u00eancia e Tecnologia Baiano, Campus Valen\u00e7a, nomeado sob Portaria N\u00ba 286, de 18\/03\/2022, no D.O.U. de 21\/03\/2022, de acordo com as disposi\u00e7\u00f5es da legisla\u00e7\u00e3o em vigor, e de acordo com as disposi\u00e7\u00f5es contidas na Lei n\u00ba 11.892, de 29\/12\/2008, e na Lei n\u00ba 8.112, de 11\/12\/1990, considerando ainda o [&hellip;]<\/p>\n","protected":false},"author":171,"featured_media":0,"comment_status":"open","ping_status":"open","sticky":false,"template":"","format":"standard","meta":[],"categories":[47,4,5,35],"tags":[],"_links":{"self":[{"href":"https:\/\/www.ifbaiano.edu.br\/unidades\/valenca\/wp-json\/wp\/v2\/posts\/9827"}],"collection":[{"href":"https:\/\/www.ifbaiano.edu.br\/unidades\/valenca\/wp-json\/wp\/v2\/posts"}],"about":[{"href":"https:\/\/www.ifbaiano.edu.br\/unidades\/valenca\/wp-json\/wp\/v2\/types\/post"}],"author":[{"embeddable":true,"href":"https:\/\/www.ifbaiano.edu.br\/unidades\/valenca\/wp-json\/wp\/v2\/users\/171"}],"replies":[{"embeddable":true,"href":"https:\/\/www.ifbaiano.edu.br\/unidades\/valenca\/wp-json\/wp\/v2\/comments?post=9827"}],"version-history":[{"count":1,"href":"https:\/\/www.ifbaiano.edu.br\/unidades\/valenca\/wp-json\/wp\/v2\/posts\/9827\/revisions"}],"predecessor-version":[{"id":9829,"href":"https:\/\/www.ifbaiano.edu.br\/unidades\/valenca\/wp-json\/wp\/v2\/posts\/9827\/revisions\/9829"}],"wp:attachment":[{"href":"https:\/\/www.ifbaiano.edu.br\/unidades\/valenca\/wp-json\/wp\/v2\/media?parent=9827"}],"wp:term":[{"taxonomy":"category","embeddable":true,"href":"https:\/\/www.ifbaiano.edu.br\/unidades\/valenca\/wp-json\/wp\/v2\/categories?post=9827"},{"taxonomy":"post_tag","embeddable":true,"href":"https:\/\/www.ifbaiano.edu.br\/unidades\/valenca\/wp-json\/wp\/v2\/tags?post=9827"}],"curies":[{"name":"wp","href":"https:\/\/api.w.org\/{rel}","templated":true}]}}