{"id":9833,"date":"2024-07-31T22:13:32","date_gmt":"2024-08-01T01:13:32","guid":{"rendered":"https:\/\/www.ifbaiano.edu.br\/unidades\/valenca\/?p=9833"},"modified":"2024-07-31T22:13:32","modified_gmt":"2024-08-01T01:13:32","slug":"if-baiano-valenca-publica-edital-de-estagio-nao-remunerado-para-estudantes-de-educacao-fisica-e-pedagogia","status":"publish","type":"post","link":"https:\/\/www.ifbaiano.edu.br\/unidades\/valenca\/2024\/07\/31\/if-baiano-valenca-publica-edital-de-estagio-nao-remunerado-para-estudantes-de-educacao-fisica-e-pedagogia\/","title":{"rendered":"IF Baiano Valen\u00e7a publica edital de est\u00e1gio n\u00e3o remunerado para estudantes de Educa\u00e7\u00e3o F\u00edsica e Pedagogia"},"content":{"rendered":"\n<p>As inscri\u00e7\u00f5es devem ser realizadas exclusivamente por e-mail a partir do dia 02 de agosto de 2024<\/p>\n\n\n\n<p>Edital N. 12\/2024, de 30 de julho de 2024<br>O Diretor Geral do INSTITUTO FEDERAL DE EDUCA\u00c7\u00c3O, CI\u00caNCIA E TECNOLOGIA BAINAO \u2013 CAMPUS VALEN\u00c7A, no uso de suas atribui\u00e7\u00f5es legais e atrav\u00e9s do EDITAL N.12\/2024, de 30 de julho de 2024, torna p\u00fablico o processo seletivo para candidatura de estagi\u00e1rios de n\u00edvel superior para atuar no INSTITUTO  FEDERAL DE EDUCA\u00c7\u00c3O, CI\u00caNCIA E TECNOLOGIA BAIANO \u2013 CAMPUS VALEN\u00c7A, nos termos da LEI 11.788, de 25\/09\/2008.<\/p>\n\n\n\n<p>Confira o edital:<\/p>\n\n\n\n<div class=\"wp-block-file\"><a id=\"wp-block-file--media-b72b3638-f4c1-4ff0-8efd-e926e2cec0e5\" href=\"https:\/\/www.ifbaiano.edu.br\/unidades\/valenca\/files\/2024\/07\/EDITAL-DE-ESTAGIO_nao_remunerado-Educacao-fisica_pedagogia.pdf\">EDITAL-DE-ESTAGIO_nao_remunerado-Educacao-fisica_pedagogia<br><\/a><\/div>\n\n\n\n<div class=\"wp-block-file\"><a id=\"wp-block-file--media-46f1fa16-12af-43ed-b5f0-ef7e0b521497\" href=\"https:\/\/www.ifbaiano.edu.br\/unidades\/valenca\/files\/2024\/07\/ANEXO-I_Edital_estagio_nao_remunerado.pdf\">ANEXO-I_Edital_estagio_nao_remunerado<\/a><\/div>\n\n\n\n<div class=\"wp-block-file\"><a id=\"wp-block-file--media-9f40ae59-2c2b-43a8-a6ff-40c002fda4dc\" href=\"https:\/\/www.ifbaiano.edu.br\/unidades\/valenca\/files\/2024\/07\/ANEXO-II_Edital_estagio_nao_remunerado.pdf\">ANEXO-II_Edital_estagio_nao_remunerado<\/a><\/div>\n\n\n\n<div class=\"wp-block-file\"><a id=\"wp-block-file--media-f18f4464-32ca-45f4-af52-824c9b69d365\" href=\"https:\/\/www.ifbaiano.edu.br\/unidades\/valenca\/files\/2024\/07\/ANEXO-Iv_Edital_estagio_nao_remunerado.pdf\">ANEXO-Iv_Edital_estagio_nao_remunerado<\/a><\/div>\n\n\n\n<div class=\"wp-block-file\"><a id=\"wp-block-file--media-4d13298f-e692-43d3-80d1-fd75222bad14\" href=\"https:\/\/www.ifbaiano.edu.br\/unidades\/valenca\/files\/2024\/07\/ANEXO-III_Edital_estagio_nao_remunerado.pdf\">ANEXO-III_Edital_estagio_nao_remunerado<br><br><br><br><br><br><br><br><\/a><\/div>\n","protected":false},"excerpt":{"rendered":"<p>As inscri\u00e7\u00f5es devem ser realizadas exclusivamente por e-mail a partir do dia 02 de agosto de 2024 Edital N. 12\/2024, de 30 de julho de 2024O Diretor Geral do INSTITUTO FEDERAL DE EDUCA\u00c7\u00c3O, CI\u00caNCIA E TECNOLOGIA BAINAO \u2013 CAMPUS VALEN\u00c7A, no uso de suas atribui\u00e7\u00f5es legais e atrav\u00e9s do EDITAL N.12\/2024, de 30 de julho [&hellip;]<\/p>\n","protected":false},"author":171,"featured_media":0,"comment_status":"open","ping_status":"open","sticky":false,"template":"","format":"standard","meta":[],"categories":[63],"tags":[],"_links":{"self":[{"href":"https:\/\/www.ifbaiano.edu.br\/unidades\/valenca\/wp-json\/wp\/v2\/posts\/9833"}],"collection":[{"href":"https:\/\/www.ifbaiano.edu.br\/unidades\/valenca\/wp-json\/wp\/v2\/posts"}],"about":[{"href":"https:\/\/www.ifbaiano.edu.br\/unidades\/valenca\/wp-json\/wp\/v2\/types\/post"}],"author":[{"embeddable":true,"href":"https:\/\/www.ifbaiano.edu.br\/unidades\/valenca\/wp-json\/wp\/v2\/users\/171"}],"replies":[{"embeddable":true,"href":"https:\/\/www.ifbaiano.edu.br\/unidades\/valenca\/wp-json\/wp\/v2\/comments?post=9833"}],"version-history":[{"count":1,"href":"https:\/\/www.ifbaiano.edu.br\/unidades\/valenca\/wp-json\/wp\/v2\/posts\/9833\/revisions"}],"predecessor-version":[{"id":9839,"href":"https:\/\/www.ifbaiano.edu.br\/unidades\/valenca\/wp-json\/wp\/v2\/posts\/9833\/revisions\/9839"}],"wp:attachment":[{"href":"https:\/\/www.ifbaiano.edu.br\/unidades\/valenca\/wp-json\/wp\/v2\/media?parent=9833"}],"wp:term":[{"taxonomy":"category","embeddable":true,"href":"https:\/\/www.ifbaiano.edu.br\/unidades\/valenca\/wp-json\/wp\/v2\/categories?post=9833"},{"taxonomy":"post_tag","embeddable":true,"href":"https:\/\/www.ifbaiano.edu.br\/unidades\/valenca\/wp-json\/wp\/v2\/tags?post=9833"}],"curies":[{"name":"wp","href":"https:\/\/api.w.org\/{rel}","templated":true}]}}