{"id":9874,"date":"2024-08-27T15:07:40","date_gmt":"2024-08-27T18:07:40","guid":{"rendered":"https:\/\/www.ifbaiano.edu.br\/unidades\/valenca\/?p=9874"},"modified":"2024-08-27T15:07:41","modified_gmt":"2024-08-27T18:07:41","slug":"campus-valenca-sediara-o-3o-curta-libras-mostra-cinema-e-acessibilidade","status":"publish","type":"post","link":"https:\/\/www.ifbaiano.edu.br\/unidades\/valenca\/2024\/08\/27\/campus-valenca-sediara-o-3o-curta-libras-mostra-cinema-e-acessibilidade\/","title":{"rendered":"Campus Valen\u00e7a sediar\u00e1 o 3\u00ba Curta Libras &#8211; Mostra Cinema e Acessibilidade"},"content":{"rendered":"\n<p><em>Ser\u00e3o exibidos filmes da plataforma Hands Play e produ\u00e7\u00f5es Memorabilia Filmes. <\/em><\/p>\n\n\n\n<figure class=\"wp-block-image size-full\"><a href=\"https:\/\/www.ifbaiano.edu.br\/unidades\/valenca\/files\/2024\/08\/curtalibras.jpg\"><img decoding=\"async\" loading=\"lazy\" width=\"1600\" height=\"803\" src=\"https:\/\/www.ifbaiano.edu.br\/unidades\/valenca\/files\/2024\/08\/curtalibras.jpg\" alt=\"\" class=\"wp-image-9875\" \/><\/a><figcaption class=\"wp-element-caption\"><em>Frame do Filme (Artes\u00e3s) de Jovania Merc\u00eas e Eudaldo Mon\u00e7\u00e3o Jr. de Santo Ant\u00f4nio de Jesus\/BA<\/em><\/figcaption><\/figure>\n\n\n\n<p>O IF Baiano campus Valen\u00e7a e o Laborat\u00f3rio de Linguagens e Comunica\u00e7\u00e3o &#8211; LABLINC &#8211; est\u00e3o apoiando a 3\u00aa edi\u00e7\u00e3o Mostra Curta Libras, que acontece de 02 a 06 de setembro nas cidades baianas de Nazar\u00e9 no Rec\u00f4ncavo e Valen\u00e7a, no Baixo Sul. O evento apresentar\u00e1 37 obras audiovisuais de curta-metragem com recursos de acessibilidade que possuem Janela de Libras ou Libras como linguagem principal, que foram selecionados pela curadoria do projeto composta por Loura Fernandes, Dedinha Ramos, Mirella Marla, Tha\u00eds Mendes, T\u00e2nia Moura, Natally Janielle e Eudaldo Mon\u00e7\u00e3o Jr, al\u00e9m da curadoria especial para a mostra convidada Hands Play, realizada por Aisamaque Gomes.<\/p>\n\n\n\n<p>A mostra Hands Play ser\u00e1 exibida no primeiro dia do evento que ser\u00e1 realizado no IFBaiano Campus Valen\u00e7a e contemplar\u00e1 os seguintes filmes:<\/p>\n\n\n\n<p><strong>O Bom Rep\u00f3rter<\/strong> &#8211; Dir Leandro Lefa &#8211; 5 min &#8211; Policial &#8211; Bact\u00e9ria Filmes\/RS<\/p>\n\n\n\n<p><strong>Essas coisas do cora\u00e7\u00e3o<\/strong> &#8211; Dir. Freddy Paz &#8211; 20 min &#8211; Sala Filmes\/RS<\/p>\n\n\n\n<p><strong>Mem\u00f3rias de um ver\u00e3o que passou<\/strong> &#8211; Dir. Shaiane Luz &#8211; 20min &#8211; Moussaieff Produ\u00e7\u00f5es\/PR<\/p>\n\n\n\n<p><strong>Quero ir pra Los Angeles<\/strong> &#8211; Dir. Juh Balhego &#8211; 19 min &#8211;&nbsp; Daspreta Produ\u00e7\u00f5es<\/p>\n\n\n\n<p>A mostra Memorabilia Filmes, ser\u00e1 exibida em Nazar\u00e9, no Col\u00e9gio Estadual Dr. Jos\u00e9 Marcelino de Souza, contemplar\u00e1 filmes realizados entre 2023 e 2024 pela produtora Memorabilia Filmes, realizados em tr\u00eas estados brasileiros e que contam com o recurso de acessibilidade em Libras, sendo eles:<\/p>\n\n\n\n<p><strong>Artes\u00e3s <\/strong>&#8211; Dir. Jovania Merc\u00eas e Eudaldo Mon\u00e7\u00e3o Jr. &#8211; 18 min &#8211; Document\u00e1rio &#8211; Santo Ant\u00f4nio de Jesus\/BA<\/p>\n\n\n\n<p><strong>Carta a minha vida<\/strong><strong> &#8211; <\/strong>Dir. Eudaldo Mon\u00e7\u00e3o Jr. &#8211; 18 min &#8211; Experimental &#8211; Fernando de Noronha\/PE<\/p>\n\n\n\n<p><strong>Hist\u00f3rias Pol\u00edticas de Japoat\u00e3<\/strong> &#8211; Dir. Dedinha Ramos &#8211; 30 min &#8211; Document\u00e1rio &#8211; Japoat\u00e3\/SE<\/p>\n\n\n\n<p>A lista completa de todos os filmes selecionados, al\u00e9m das mostras de filmes convidados, est\u00e3o dispon\u00edveis no site da mostra <a href=\"https:\/\/memorabiliafilmes.wixsite.com\/curtalibras\">https:\/\/memorabiliafilmes.wixsite.com\/curtalibras<\/a><\/p>\n\n\n\n<p>O projeto \u00e9 idealizado e coordenado por Eudaldo Mon\u00e7\u00e3o Jr, com produ\u00e7\u00e3o executiva de Loura Fernandes, uma realiza\u00e7\u00e3o Memorabilia Filmes, que teve sua primeira edi\u00e7\u00e3o realizada em 2018 na cidade de Nazar\u00e9-BA, no \u00e2mbito do Projeto Escolas Culturais, uma iniciativa do Governo do Estado da Bahia. O 2\u00ba Curta Libras &#8211; Mostra Cinema e Acessibilidade, aconteceu durante a pandemia no ano de 2021, na plataforma virtual Memorabilia Play e tamb\u00e9m exibida na TV P\u00fablica (Aperip\u00ea TV).<\/p>\n\n\n\n<p>A terceira edi\u00e7\u00e3o do projeto ser\u00e1 realizada novamente no Col\u00e9gio Estadual Dr. Jos\u00e9 Marcelino de Souza em Nazar\u00e9, no territ\u00f3rio do Rec\u00f4ncavo, al\u00e9m de sess\u00f5es no IF Baiano &#8211; Instituto Federal de Educa\u00e7\u00e3o, Ci\u00eancia e Tecnologia Baiano &#8211; Campus Valen\u00e7a e Associa\u00e7\u00e3o Pestalozzi de Valen\u00e7a, no territ\u00f3rio do Baixo Sul baiano e conta com o apoio cultural da Rede Terra Cult &#8211; Territ\u00f3rios culturais baianos, CS Comunica\u00e7\u00e3o, Meyjor Cria\u00e7\u00f5es, Laborat\u00f3rio de Linguagens e Comunica\u00e7\u00e3o do IF Baiano, Hands Play e R\u00e1dio Rosa.<\/p>\n\n\n\n<p>Este projeto foi contemplado nos Editais da Paulo Gustavo Bahia e tem apoio financeiro do Governo do Estado da Bahia atrav\u00e9s da Secretaria de Cultura via Lei Paulo Gustavo, direcionada pelo Minist\u00e9rio da Cultura, Governo Federal.<\/p>\n\n\n\n<p>Paulo Gustavo Bahia (PGBA) foi criada para a efetiva\u00e7\u00e3o das a\u00e7\u00f5es emergenciais de apoio ao setor cultural, visando cumprir a Lei Complementar n\u00ba 195, de 8 de julho de 2022.<\/p>\n\n\n\n<p><strong>SERVI\u00c7O: <\/strong>3\u00ba Curta Libras &#8211; Mostra Cinema e Acessibilidade<\/p>\n\n\n\n<p><strong>PER\u00cdODO: <\/strong>02 a 06 De Setembro De 2024.<\/p>\n\n\n\n<p><strong>LOCAIS:<\/strong><\/p>\n\n\n\n<p>IFbaiano &#8211; Instituto Federal de Educa\u00e7\u00e3o, Ci\u00eancia e Tecnologia Baiano &#8211; Campus Valen\u00e7a<\/p>\n\n\n\n<p>Col\u00e9gio Est. Dr. Jos\u00e9 Marcelino de Souza em Nazar\u00e9,<\/p>\n\n\n\n<p>Associa\u00e7\u00e3o Pestalozzi de Valen\u00e7a<\/p>\n\n\n\n<p>Mais em: <a href=\"https:\/\/memorabiliafilmes.wixsite.com\/curtalibras\">https:\/\/memorabiliafilmes.wixsite.com\/curtalibras<\/a><\/p>\n\n\n\n<p>Acompanhe pelo instagram: <a href=\"https:\/\/www.instagram.com\/memorabiliafilmes\/\">https:\/\/www.instagram.com\/memorabiliafilmes\/<\/a> &amp; <a href=\"https:\/\/www.instagram.com\/mostracurtalibras\/\">https:\/\/www.instagram.com\/mostracurtalibras\/<\/a>&nbsp;<\/p>\n","protected":false},"excerpt":{"rendered":"<p>Ser\u00e3o exibidos filmes da plataforma Hands Play e produ\u00e7\u00f5es Memorabilia Filmes. O IF Baiano campus Valen\u00e7a e o Laborat\u00f3rio de Linguagens e Comunica\u00e7\u00e3o &#8211; LABLINC &#8211; est\u00e3o apoiando a 3\u00aa edi\u00e7\u00e3o Mostra Curta Libras, que acontece de 02 a 06 de setembro nas cidades baianas de Nazar\u00e9 no Rec\u00f4ncavo e Valen\u00e7a, no Baixo Sul. O [&hellip;]<\/p>\n","protected":false},"author":171,"featured_media":0,"comment_status":"open","ping_status":"open","sticky":false,"template":"","format":"standard","meta":[],"categories":[63],"tags":[],"_links":{"self":[{"href":"https:\/\/www.ifbaiano.edu.br\/unidades\/valenca\/wp-json\/wp\/v2\/posts\/9874"}],"collection":[{"href":"https:\/\/www.ifbaiano.edu.br\/unidades\/valenca\/wp-json\/wp\/v2\/posts"}],"about":[{"href":"https:\/\/www.ifbaiano.edu.br\/unidades\/valenca\/wp-json\/wp\/v2\/types\/post"}],"author":[{"embeddable":true,"href":"https:\/\/www.ifbaiano.edu.br\/unidades\/valenca\/wp-json\/wp\/v2\/users\/171"}],"replies":[{"embeddable":true,"href":"https:\/\/www.ifbaiano.edu.br\/unidades\/valenca\/wp-json\/wp\/v2\/comments?post=9874"}],"version-history":[{"count":1,"href":"https:\/\/www.ifbaiano.edu.br\/unidades\/valenca\/wp-json\/wp\/v2\/posts\/9874\/revisions"}],"predecessor-version":[{"id":9876,"href":"https:\/\/www.ifbaiano.edu.br\/unidades\/valenca\/wp-json\/wp\/v2\/posts\/9874\/revisions\/9876"}],"wp:attachment":[{"href":"https:\/\/www.ifbaiano.edu.br\/unidades\/valenca\/wp-json\/wp\/v2\/media?parent=9874"}],"wp:term":[{"taxonomy":"category","embeddable":true,"href":"https:\/\/www.ifbaiano.edu.br\/unidades\/valenca\/wp-json\/wp\/v2\/categories?post=9874"},{"taxonomy":"post_tag","embeddable":true,"href":"https:\/\/www.ifbaiano.edu.br\/unidades\/valenca\/wp-json\/wp\/v2\/tags?post=9874"}],"curies":[{"name":"wp","href":"https:\/\/api.w.org\/{rel}","templated":true}]}}