{"id":9887,"date":"2024-09-09T15:56:33","date_gmt":"2024-09-09T18:56:33","guid":{"rendered":"https:\/\/www.ifbaiano.edu.br\/unidades\/valenca\/?p=9887"},"modified":"2024-09-09T15:56:33","modified_gmt":"2024-09-09T18:56:33","slug":"projeto-do-campus-valenca-e-destaque-no-agroband","status":"publish","type":"post","link":"https:\/\/www.ifbaiano.edu.br\/unidades\/valenca\/2024\/09\/09\/projeto-do-campus-valenca-e-destaque-no-agroband\/","title":{"rendered":"Projeto do Campus Valen\u00e7a \u00e9 destaque no AgroBand"},"content":{"rendered":"\n<p>Pesquisadores do IF Baiano criaram solu\u00e7\u00f5es para a destina\u00e7\u00e3o sustent\u00e1vel de cigarros apreendidos pela Receita Federal<\/p>\n\n\n\n<figure class=\"wp-block-image size-large is-resized\"><a href=\"https:\/\/www.ifbaiano.edu.br\/unidades\/valenca\/files\/2024\/09\/RafaelTrocolli.png\"><img decoding=\"async\" loading=\"lazy\" src=\"https:\/\/www.ifbaiano.edu.br\/unidades\/valenca\/files\/2024\/09\/RafaelTrocolli.png\" alt=\"\" class=\"wp-image-9888\" width=\"807\" height=\"433\" \/><\/a><\/figure>\n\n\n\n<figure class=\"wp-block-gallery has-nested-images columns-default is-cropped wp-block-gallery-1 is-layout-flex\">\n<figure class=\"wp-block-image size-large\"><a href=\"https:\/\/www.ifbaiano.edu.br\/unidades\/valenca\/files\/2024\/09\/Estudantebolsistaprojetosustentavel.png\"><img decoding=\"async\" loading=\"lazy\" width=\"784\" height=\"417\" data-id=\"9889\"  src=\"https:\/\/www.ifbaiano.edu.br\/unidades\/valenca\/files\/2024\/09\/Estudantebolsistaprojetosustentavel.png\" alt=\"\" class=\"wp-image-9889\" \/><\/a><\/figure>\n\n\n\n<figure class=\"wp-block-image size-large\"><a href=\"https:\/\/www.ifbaiano.edu.br\/unidades\/valenca\/files\/2024\/09\/Martins.png\"><img decoding=\"async\" loading=\"lazy\" width=\"781\" height=\"416\" data-id=\"9890\"  src=\"https:\/\/www.ifbaiano.edu.br\/unidades\/valenca\/files\/2024\/09\/Martins.png\" alt=\"\" class=\"wp-image-9890\" \/><\/a><\/figure>\n<\/figure>\n\n\n\n<p>O IF Baiano campus Valen\u00e7a foi destaque no programa Agro Band, deste domingo, dia 08 de setembro de 2024. Os projetos de destina\u00e7\u00e3o sustent\u00e1vel de res\u00edduos do cigarros apreendidos pela Receita Federal foram apresentados pelo professor e Pr\u00f3-Reitor de Pesquisa Rafael Trocoli, pelo coordenador de campo, Martins Batista, e pela estudante bolsista CNPq, Franciele Bomfim, do curso de Ci\u00eancias Biol\u00f3gicas. <\/p>\n\n\n\n<p>Confira abaixo a reportagem completa.<\/p>\n\n\n\n<figure class=\"wp-block-embed is-type-video is-provider-youtube wp-block-embed-youtube wp-embed-aspect-16-9 wp-has-aspect-ratio\"><div class=\"wp-block-embed__wrapper\">\n<iframe loading=\"lazy\" title=\"AS NOVIDADES DA FEIRA AGROPECU\u00c1RIA DE FEIRA DE SANTANA E MUITO MAIS | PROGRAMA AGRO BAND | 08\/09\/24\" width=\"500\" height=\"281\" src=\"https:\/\/www.youtube.com\/embed\/-RuqKfq4uqc?feature=oembed\" frameborder=\"0\" allow=\"accelerometer; autoplay; clipboard-write; encrypted-media; gyroscope; picture-in-picture; web-share\" referrerpolicy=\"strict-origin-when-cross-origin\" allowfullscreen><\/iframe>\n<\/div><figcaption class=\"wp-element-caption\">Reportagem a partir do minuto 1:04<\/figcaption><\/figure>\n\n\n\n<p><\/p>\n\n\n\n<p><\/p>\n","protected":false},"excerpt":{"rendered":"<p>Pesquisadores do IF Baiano criaram solu\u00e7\u00f5es para a destina\u00e7\u00e3o sustent\u00e1vel de cigarros apreendidos pela Receita Federal O IF Baiano campus Valen\u00e7a foi destaque no programa Agro Band, deste domingo, dia 08 de setembro de 2024. Os projetos de destina\u00e7\u00e3o sustent\u00e1vel de res\u00edduos do cigarros apreendidos pela Receita Federal foram apresentados pelo professor e Pr\u00f3-Reitor de [&hellip;]<\/p>\n","protected":false},"author":171,"featured_media":9891,"comment_status":"open","ping_status":"open","sticky":true,"template":"","format":"standard","meta":[],"categories":[5],"tags":[71,64,125],"_links":{"self":[{"href":"https:\/\/www.ifbaiano.edu.br\/unidades\/valenca\/wp-json\/wp\/v2\/posts\/9887"}],"collection":[{"href":"https:\/\/www.ifbaiano.edu.br\/unidades\/valenca\/wp-json\/wp\/v2\/posts"}],"about":[{"href":"https:\/\/www.ifbaiano.edu.br\/unidades\/valenca\/wp-json\/wp\/v2\/types\/post"}],"author":[{"embeddable":true,"href":"https:\/\/www.ifbaiano.edu.br\/unidades\/valenca\/wp-json\/wp\/v2\/users\/171"}],"replies":[{"embeddable":true,"href":"https:\/\/www.ifbaiano.edu.br\/unidades\/valenca\/wp-json\/wp\/v2\/comments?post=9887"}],"version-history":[{"count":1,"href":"https:\/\/www.ifbaiano.edu.br\/unidades\/valenca\/wp-json\/wp\/v2\/posts\/9887\/revisions"}],"predecessor-version":[{"id":9892,"href":"https:\/\/www.ifbaiano.edu.br\/unidades\/valenca\/wp-json\/wp\/v2\/posts\/9887\/revisions\/9892"}],"wp:featuredmedia":[{"embeddable":true,"href":"https:\/\/www.ifbaiano.edu.br\/unidades\/valenca\/wp-json\/wp\/v2\/media\/9891"}],"wp:attachment":[{"href":"https:\/\/www.ifbaiano.edu.br\/unidades\/valenca\/wp-json\/wp\/v2\/media?parent=9887"}],"wp:term":[{"taxonomy":"category","embeddable":true,"href":"https:\/\/www.ifbaiano.edu.br\/unidades\/valenca\/wp-json\/wp\/v2\/categories?post=9887"},{"taxonomy":"post_tag","embeddable":true,"href":"https:\/\/www.ifbaiano.edu.br\/unidades\/valenca\/wp-json\/wp\/v2\/tags?post=9887"}],"curies":[{"name":"wp","href":"https:\/\/api.w.org\/{rel}","templated":true}]}}