{"id":9896,"date":"2024-09-18T10:56:43","date_gmt":"2024-09-18T13:56:43","guid":{"rendered":"https:\/\/www.ifbaiano.edu.br\/unidades\/valenca\/?p=9896"},"modified":"2024-09-18T12:13:21","modified_gmt":"2024-09-18T15:13:21","slug":"aviso-de-chamada-publica-1-2024dispensa-de-licitacao-90002-202","status":"publish","type":"post","link":"https:\/\/www.ifbaiano.edu.br\/unidades\/valenca\/2024\/09\/18\/aviso-de-chamada-publica-1-2024dispensa-de-licitacao-90002-202\/","title":{"rendered":"AVISO DE CHAMADA P\u00daBLICA 1\/2024DISPENSA DE LICITA\u00c7\u00c3O 90002\/202"},"content":{"rendered":"\n<p><\/p>\n\n\n\n<p>O Instituto Federal Baiano \u2013 Campus Valen\u00e7a torna p\u00fablico, para conhecimento dos<br>interessados, que realizar\u00e1 a Chamada P\u00fablica n\u00ba 01\/2024. Objeto: Aquisi\u00e7\u00e3o de g\u00eaneros<br>aliment\u00edcios da agricultura familiar para atendimento ao programa Nacional de Alimenta\u00e7\u00e3o<br>Escolar &#8211; PNAE, conforme as pe\u00e7as t\u00e9cnicas constantes no Instrumento Convocat\u00f3rio e seus<br>anexos, partes integrantes desta Chamada P\u00fablica. O Edital encontra-se dispon\u00edvel na sede do<br>Campus e no site. Sess\u00e3o de abertura: 16\/10\/2024, \u00e0s 09h, Hor\u00e1rio Local, na sede do Instituto Federal<br>Baiano \u2013 Campus Valen\u00e7a, localizado na Rua Glic\u00e9rio Tavares, s\/n, Bate Quente, CEP: 45.400-<br>000, Valen\u00e7a \u2013 Bahia.<br><\/p>\n\n\n\n<p>Josu\u00e9 Castro de Jesus<br>Presidente da Comiss\u00e3o<br>IF Baiano \u2013 Campus Valen\u00e7a<\/p>\n\n\n\n<p>Acesse aqui o edital:<\/p>\n\n\n\n<div class=\"wp-block-file\"><a id=\"wp-block-file--media-4823acc7-95eb-43d1-a41b-ed9e04651e53\" href=\"https:\/\/www.ifbaiano.edu.br\/unidades\/valenca\/files\/2024\/09\/Edital_1-2024-dispensadelicitacao.pdf\">Edital_1-2024-dispensadelicitacao<\/a><\/div>\n\n\n\n<p><\/p>\n","protected":false},"excerpt":{"rendered":"<p>O Instituto Federal Baiano \u2013 Campus Valen\u00e7a torna p\u00fablico, para conhecimento dosinteressados, que realizar\u00e1 a Chamada P\u00fablica n\u00ba 01\/2024. Objeto: Aquisi\u00e7\u00e3o de g\u00eanerosaliment\u00edcios da agricultura familiar para atendimento ao programa Nacional de Alimenta\u00e7\u00e3oEscolar &#8211; PNAE, conforme as pe\u00e7as t\u00e9cnicas constantes no Instrumento Convocat\u00f3rio e seusanexos, partes integrantes desta Chamada P\u00fablica. O Edital encontra-se dispon\u00edvel na [&hellip;]<\/p>\n","protected":false},"author":171,"featured_media":0,"comment_status":"open","ping_status":"open","sticky":true,"template":"","format":"standard","meta":[],"categories":[33,5,10],"tags":[],"_links":{"self":[{"href":"https:\/\/www.ifbaiano.edu.br\/unidades\/valenca\/wp-json\/wp\/v2\/posts\/9896"}],"collection":[{"href":"https:\/\/www.ifbaiano.edu.br\/unidades\/valenca\/wp-json\/wp\/v2\/posts"}],"about":[{"href":"https:\/\/www.ifbaiano.edu.br\/unidades\/valenca\/wp-json\/wp\/v2\/types\/post"}],"author":[{"embeddable":true,"href":"https:\/\/www.ifbaiano.edu.br\/unidades\/valenca\/wp-json\/wp\/v2\/users\/171"}],"replies":[{"embeddable":true,"href":"https:\/\/www.ifbaiano.edu.br\/unidades\/valenca\/wp-json\/wp\/v2\/comments?post=9896"}],"version-history":[{"count":2,"href":"https:\/\/www.ifbaiano.edu.br\/unidades\/valenca\/wp-json\/wp\/v2\/posts\/9896\/revisions"}],"predecessor-version":[{"id":9900,"href":"https:\/\/www.ifbaiano.edu.br\/unidades\/valenca\/wp-json\/wp\/v2\/posts\/9896\/revisions\/9900"}],"wp:attachment":[{"href":"https:\/\/www.ifbaiano.edu.br\/unidades\/valenca\/wp-json\/wp\/v2\/media?parent=9896"}],"wp:term":[{"taxonomy":"category","embeddable":true,"href":"https:\/\/www.ifbaiano.edu.br\/unidades\/valenca\/wp-json\/wp\/v2\/categories?post=9896"},{"taxonomy":"post_tag","embeddable":true,"href":"https:\/\/www.ifbaiano.edu.br\/unidades\/valenca\/wp-json\/wp\/v2\/tags?post=9896"}],"curies":[{"name":"wp","href":"https:\/\/api.w.org\/{rel}","templated":true}]}}