{"id":9903,"date":"2024-09-20T18:21:43","date_gmt":"2024-09-20T21:21:43","guid":{"rendered":"https:\/\/www.ifbaiano.edu.br\/unidades\/valenca\/?p=9903"},"modified":"2024-09-20T18:21:43","modified_gmt":"2024-09-20T21:21:43","slug":"if-baiano-campus-valenca-recebe-o-professor-sebastiao-pinheiro-para-a-palestra-agroecologia-e-biopoder-campones","status":"publish","type":"post","link":"https:\/\/www.ifbaiano.edu.br\/unidades\/valenca\/2024\/09\/20\/if-baiano-campus-valenca-recebe-o-professor-sebastiao-pinheiro-para-a-palestra-agroecologia-e-biopoder-campones\/","title":{"rendered":"IF Baiano Campus Valen\u00e7a recebe o professor Sebasti\u00e3o Pinheiro para a palestra &#8220;Agroecologia e Biopoder Campon\u00eas&#8221;"},"content":{"rendered":"\n<p>A palestra acontece nesta segunda-feira, 23 de setembro,  \u00e0s 8h, no audit\u00f3rio do campus<\/p>\n\n\n\n<figure class=\"wp-block-image size-full\"><a href=\"https:\/\/www.ifbaiano.edu.br\/unidades\/valenca\/files\/2024\/09\/1000022305.jpg\"><img decoding=\"async\" loading=\"lazy\" width=\"1080\" height=\"1350\" src=\"https:\/\/www.ifbaiano.edu.br\/unidades\/valenca\/files\/2024\/09\/1000022305.jpg\" alt=\"\" class=\"wp-image-9904\" \/><\/a><\/figure>\n\n\n\n<p><\/p>\n\n\n\n<p>O  Semin\u00e1rio \u201cAgroecologia e Biopoder Campon\u00eas\u201d  \u00e9 parceria  do IF Baiano e  Movimento dos Pequenos Agricultores (MPA) e visa discutir temas atuais que agregam aos cursos de Meio Ambiente e Agroecologia. As inscri\u00e7\u00f5es para o evento podem ser feitas por meio do link: https:\/\/suap.ifbaiano.edu.br\/eventos\/inscricao_publica\/1581\/ e a palestra ter\u00e1 in\u00edcio a partir das 8h, do dia 23\/09, no IF Baiano Valen\u00e7a. <\/p>\n\n\n\n<p>O professor Sebasti\u00e3o Pinheiro \u00e9 t\u00e9cnico agr\u00edcola pela Unesp &#8211; Jaboticabal\/SP formado em 1967; engenheiro agr\u00f4nomo pela Universidad Nacional de La Plata (UNLP) graduado em 1973, p\u00f3s-graduado em Engenharia Florestal pela Escola Superior de Bosques pela UNLP, na Argentina, em 1975. Foi delegado brasileiro no Codex Alimentarius das Na\u00e7\u00f5es Unidas em Haia, na Holanda. P\u00f3s-graduado em Toxicologia, Polui\u00e7\u00e3o Alimentar e Meio Ambiente na Bundesanstalt f\u00fcr Getreide-, Kartoffel- und Fettforschung (BAGKF), Alemanha, em 1983. Investigou em Tucuru\u00ed o uso clandestino de herbicidas (Agente Blanco e Agente Laranja), em 1985.  Em 1990, iniciou os trabalhos na Universidade Federal do Rio Grande do Sul (UFRGS) na Pr\u00f3-Reitoria de Extens\u00e3o Universit\u00e1ria e posteriormente no N\u00facleo de Economia Alternativa da Faculdade de Ci\u00eancias Econ\u00f4micas. Professor Sebasti\u00e3o \u00e9 autor e cooautor de diversas publica\u00e7\u00f5es.   Ativista cient\u00edfico em agricultura saud\u00e1vel, cromatografia de Pfeiffer e Agroecologia.<\/p>\n\n\n\n<p><\/p>\n\n\n\n<p><\/p>\n","protected":false},"excerpt":{"rendered":"<p>A palestra acontece nesta segunda-feira, 23 de setembro, \u00e0s 8h, no audit\u00f3rio do campus O Semin\u00e1rio \u201cAgroecologia e Biopoder Campon\u00eas\u201d \u00e9 parceria do IF Baiano e Movimento dos Pequenos Agricultores (MPA) e visa discutir temas atuais que agregam aos cursos de Meio Ambiente e Agroecologia. As inscri\u00e7\u00f5es para o evento podem ser feitas por meio [&hellip;]<\/p>\n","protected":false},"author":171,"featured_media":9904,"comment_status":"open","ping_status":"open","sticky":true,"template":"","format":"standard","meta":[],"categories":[5,21,36,10],"tags":[],"_links":{"self":[{"href":"https:\/\/www.ifbaiano.edu.br\/unidades\/valenca\/wp-json\/wp\/v2\/posts\/9903"}],"collection":[{"href":"https:\/\/www.ifbaiano.edu.br\/unidades\/valenca\/wp-json\/wp\/v2\/posts"}],"about":[{"href":"https:\/\/www.ifbaiano.edu.br\/unidades\/valenca\/wp-json\/wp\/v2\/types\/post"}],"author":[{"embeddable":true,"href":"https:\/\/www.ifbaiano.edu.br\/unidades\/valenca\/wp-json\/wp\/v2\/users\/171"}],"replies":[{"embeddable":true,"href":"https:\/\/www.ifbaiano.edu.br\/unidades\/valenca\/wp-json\/wp\/v2\/comments?post=9903"}],"version-history":[{"count":1,"href":"https:\/\/www.ifbaiano.edu.br\/unidades\/valenca\/wp-json\/wp\/v2\/posts\/9903\/revisions"}],"predecessor-version":[{"id":9905,"href":"https:\/\/www.ifbaiano.edu.br\/unidades\/valenca\/wp-json\/wp\/v2\/posts\/9903\/revisions\/9905"}],"wp:featuredmedia":[{"embeddable":true,"href":"https:\/\/www.ifbaiano.edu.br\/unidades\/valenca\/wp-json\/wp\/v2\/media\/9904"}],"wp:attachment":[{"href":"https:\/\/www.ifbaiano.edu.br\/unidades\/valenca\/wp-json\/wp\/v2\/media?parent=9903"}],"wp:term":[{"taxonomy":"category","embeddable":true,"href":"https:\/\/www.ifbaiano.edu.br\/unidades\/valenca\/wp-json\/wp\/v2\/categories?post=9903"},{"taxonomy":"post_tag","embeddable":true,"href":"https:\/\/www.ifbaiano.edu.br\/unidades\/valenca\/wp-json\/wp\/v2\/tags?post=9903"}],"curies":[{"name":"wp","href":"https:\/\/api.w.org\/{rel}","templated":true}]}}