{"id":9906,"date":"2024-10-01T19:03:06","date_gmt":"2024-10-01T22:03:06","guid":{"rendered":"https:\/\/www.ifbaiano.edu.br\/unidades\/valenca\/?p=9906"},"modified":"2025-11-18T18:31:32","modified_gmt":"2025-11-18T21:31:32","slug":"campus-valenca-lanca-edital-de-estagio-remunerado-para-estudantes-de-ensino-superior","status":"publish","type":"post","link":"https:\/\/www.ifbaiano.edu.br\/unidades\/valenca\/2024\/10\/01\/campus-valenca-lanca-edital-de-estagio-remunerado-para-estudantes-de-ensino-superior\/","title":{"rendered":"Campus Valen\u00e7a lan\u00e7a edital de est\u00e1gio remunerado para estudantes de ensino superior"},"content":{"rendered":"\n<p>As inscri\u00e7\u00f5es acontecer\u00e3o de 03 a 08 de outubro de 2024 e podem se inscrever estudantes dos cursos de Administra\u00e7\u00e3o, Biologia e Pedagogia<\/p>\n\n\n\n<figure class=\"wp-block-image size-full\"><a href=\"https:\/\/www.ifbaiano.edu.br\/unidades\/valenca\/files\/2024\/10\/editalEstagio-1.jpg\"><img decoding=\"async\" loading=\"lazy\" width=\"1080\" height=\"1080\" src=\"https:\/\/www.ifbaiano.edu.br\/unidades\/valenca\/files\/2024\/10\/editalEstagio-1.jpg\" alt=\"\" class=\"wp-image-9909\" \/><\/a><\/figure>\n\n\n\n<p>O DIRETOR-GERAL DO INSTITUTO FEDERAL DE EDUCA\u00c7\u00c3O, CI\u00caNCIA E TECNOLOGIA BAIANO &#8211; CAMPUS VALEN\u00c7A , no uso da compet\u00eancia delegada pela Portaria de Pessoal N\u00ba 281, de 18<br>de mar\u00e7o de 2022, do Reitor do Instituto Federal de Educa\u00e7\u00e3o, Ci\u00eancia e Tecnologia Baiano, publicada no Di\u00e1rio Oficial da Uni\u00e3o de 21 de mar\u00e7o de 2022, torna p\u00fablica a abertura de inscri\u00e7\u00f5es<br>destinadas \u00e0 sele\u00e7\u00e3o de estagi\u00e1rios, para atuarem no IF BAIANO &#8211; Campus Valen\u00e7a, nos termos da Lei N.\u00ba 11.788, de 28 de setembro de 2008 e Instru\u00e7\u00e3o Normativa N.\u00ba 213, de 17 de dezembro de 2019.<\/p>\n\n\n\n<p>O presente Edital disciplina os procedimentos da sele\u00e7\u00e3o de estagi\u00e1rios e estabelece suas regras e funcionamento, conforme disposi\u00e7\u00f5es a seguir: <\/p>\n\n\n\n<p><\/p>\n\n\n\n<p>Acesse o EDITAL N\u00ba 16\/2024<\/p>\n\n\n\n<div class=\"wp-block-file\"><a id=\"wp-block-file--media-7d153c62-6c18-4d99-b8a8-707a2925cbc8\" href=\"https:\/\/www.ifbaiano.edu.br\/unidades\/valenca\/files\/2024\/10\/HOMOLOGACAO-DO-RESULTADO-FINAL.pdf\">HOMOLOGACAO-DO-RESULTADO-FINAL<\/a><\/div>\n\n\n\n<div class=\"wp-block-file\"><a id=\"wp-block-file--media-e4af1399-c742-4fc8-a563-21833e427ac5\" href=\"https:\/\/www.ifbaiano.edu.br\/unidades\/valenca\/files\/2024\/10\/HOMOLOGACAO-DE-INSCRICOES-SELECAO-DE-ESTAGIARIOS.pdf\">HOMOLOGACAO-DE-INSCRICOES-SELECAO-DE-ESTAGIARIOS<\/a><\/div>\n\n\n\n<div class=\"wp-block-file\"><a id=\"wp-block-file--media-2f38ac46-e92f-4928-a912-f0a86f914f99\" href=\"https:\/\/www.ifbaiano.edu.br\/unidades\/valenca\/files\/2024\/10\/RETIFICACAO-DO-EDITAL-DE-ESTAGIO-REMUNERADO.pdf\">RETIFICACAO-DO-EDITAL-DE-ESTAGIO-REMUNERADO<\/a><\/div>\n\n\n\n<div class=\"wp-block-file\"><a id=\"wp-block-file--media-3b0e88c1-e304-4b8f-ad6b-abfed3c48a9a\" href=\"https:\/\/www.ifbaiano.edu.br\/unidades\/valenca\/files\/2024\/10\/EDITAL-DE-ESTAGIO-REMUNERADO.pdf\">EDITAL-DE-ESTAGIO-REMUNERADO<\/a><\/div>\n\n\n\n<div class=\"wp-block-file\"><a id=\"wp-block-file--media-5dc0fd89-3355-4189-b915-ec81f92c0953\" href=\"https:\/\/www.ifbaiano.edu.br\/unidades\/valenca\/files\/2024\/10\/RESULTADO-DOS-RECURSOS-HOMOLOGACAO-DE-INSCRICOES-1.pdf\">RESULTADO-DOS-RECURSOS-HOMOLOGACAO-DE-INSCRICOES-1<\/a><\/div>\n\n\n\n<div class=\"wp-block-file\"><object class=\"wp-block-file__embed\" data=\"https:\/\/www.ifbaiano.edu.br\/unidades\/valenca\/files\/2024\/10\/AGENDAMENTO-DE-ENTREVISTAS.pdf\" type=\"application\/pdf\" style=\"width:100%;height:600px\" aria-label=\"Incorporado de AGENDAMENTO-DE-ENTREVISTAS.\"><\/object><a id=\"wp-block-file--media-39f78409-59a9-48e6-8272-8d4cc9c8f714\" href=\"https:\/\/www.ifbaiano.edu.br\/unidades\/valenca\/files\/2024\/10\/AGENDAMENTO-DE-ENTREVISTAS.pdf\">AGENDAMENTO-DE-ENTREVISTAS<\/a><\/div>\n\n\n\n<div class=\"wp-block-file\"><a id=\"wp-block-file--media-1991c0cd-a646-4f59-92d3-7076b5e0bf6f\" href=\"https:\/\/www.ifbaiano.edu.br\/unidades\/valenca\/files\/2024\/10\/RESULTADO-PRELIMILAR-DA-SELECAO-DE-ESTAGIO.pdf\">RESULTADO-PRELIMILAR-DA-SELECAO-DE-ESTAGIO<\/a><\/div>\n\n\n\n<div class=\"wp-block-file\"><object class=\"wp-block-file__embed\" data=\"https:\/\/www.ifbaiano.edu.br\/unidades\/valenca\/files\/2025\/10\/Documento-1.pdf\" type=\"application\/pdf\" style=\"width:100%;height:600px\" aria-label=\"Incorporado de  Edital 22-2025 - PRORROGACAO-DA-VALIDADE- DO - EDITAL.\"><\/object><a id=\"wp-block-file--media-2f2312a1-f2b3-4b0b-b68c-efbf1c5f50a9\" href=\"https:\/\/www.ifbaiano.edu.br\/unidades\/valenca\/files\/2025\/10\/Documento-1.pdf\"> Edital 22-2025 &#8211; PRORROGACAO-DA-VALIDADE- DO &#8211; EDITAL<\/a><a href=\"https:\/\/www.ifbaiano.edu.br\/unidades\/valenca\/files\/2025\/10\/Documento-1.pdf\" class=\"wp-block-file__button wp-element-button\" download aria-describedby=\"wp-block-file--media-2f2312a1-f2b3-4b0b-b68c-efbf1c5f50a9\">Baixar<\/a><\/div>\n\n\n\n<div class=\"wp-block-file\"><object class=\"wp-block-file__embed\" data=\"https:\/\/www.ifbaiano.edu.br\/unidades\/valenca\/files\/2025\/11\/Edital-23.2025-IF-Baiano-Valenca-Prorrogacao-Edital-Selecao-Estagiarios.pdf\" type=\"application\/pdf\" style=\"width:100%;height:600px\" aria-label=\"Incorporado de Edital-23.2025-IF-Baiano-Valenca-Prorrogacao-Edital-Selecao-Estagiarios.\"><\/object><a id=\"wp-block-file--media-fdc8275a-c623-4c24-9e95-3c2659354ae9\" href=\"https:\/\/www.ifbaiano.edu.br\/unidades\/valenca\/files\/2025\/11\/Edital-23.2025-IF-Baiano-Valenca-Prorrogacao-Edital-Selecao-Estagiarios.pdf\">Edital-23.2025-IF-Baiano-Valenca-Prorrogacao-Edital-Selecao-Estagiarios<\/a><\/div>\n","protected":false},"excerpt":{"rendered":"<p>As inscri\u00e7\u00f5es acontecer\u00e3o de 03 a 08 de outubro de 2024 e podem se inscrever estudantes dos cursos de Administra\u00e7\u00e3o, Biologia e Pedagogia O DIRETOR-GERAL DO INSTITUTO FEDERAL DE EDUCA\u00c7\u00c3O, CI\u00caNCIA E TECNOLOGIA BAIANO &#8211; CAMPUS VALEN\u00c7A , no uso da compet\u00eancia delegada pela Portaria de Pessoal N\u00ba 281, de 18de mar\u00e7o de 2022, do [&hellip;]<\/p>\n","protected":false},"author":171,"featured_media":9909,"comment_status":"open","ping_status":"open","sticky":true,"template":"","format":"standard","meta":[],"categories":[5,63],"tags":[],"_links":{"self":[{"href":"https:\/\/www.ifbaiano.edu.br\/unidades\/valenca\/wp-json\/wp\/v2\/posts\/9906"}],"collection":[{"href":"https:\/\/www.ifbaiano.edu.br\/unidades\/valenca\/wp-json\/wp\/v2\/posts"}],"about":[{"href":"https:\/\/www.ifbaiano.edu.br\/unidades\/valenca\/wp-json\/wp\/v2\/types\/post"}],"author":[{"embeddable":true,"href":"https:\/\/www.ifbaiano.edu.br\/unidades\/valenca\/wp-json\/wp\/v2\/users\/171"}],"replies":[{"embeddable":true,"href":"https:\/\/www.ifbaiano.edu.br\/unidades\/valenca\/wp-json\/wp\/v2\/comments?post=9906"}],"version-history":[{"count":8,"href":"https:\/\/www.ifbaiano.edu.br\/unidades\/valenca\/wp-json\/wp\/v2\/posts\/9906\/revisions"}],"predecessor-version":[{"id":10206,"href":"https:\/\/www.ifbaiano.edu.br\/unidades\/valenca\/wp-json\/wp\/v2\/posts\/9906\/revisions\/10206"}],"wp:featuredmedia":[{"embeddable":true,"href":"https:\/\/www.ifbaiano.edu.br\/unidades\/valenca\/wp-json\/wp\/v2\/media\/9909"}],"wp:attachment":[{"href":"https:\/\/www.ifbaiano.edu.br\/unidades\/valenca\/wp-json\/wp\/v2\/media?parent=9906"}],"wp:term":[{"taxonomy":"category","embeddable":true,"href":"https:\/\/www.ifbaiano.edu.br\/unidades\/valenca\/wp-json\/wp\/v2\/categories?post=9906"},{"taxonomy":"post_tag","embeddable":true,"href":"https:\/\/www.ifbaiano.edu.br\/unidades\/valenca\/wp-json\/wp\/v2\/tags?post=9906"}],"curies":[{"name":"wp","href":"https:\/\/api.w.org\/{rel}","templated":true}]}}