{"id":9935,"date":"2024-10-18T14:26:12","date_gmt":"2024-10-18T17:26:12","guid":{"rendered":"https:\/\/www.ifbaiano.edu.br\/unidades\/valenca\/?p=9935"},"modified":"2024-10-18T14:26:12","modified_gmt":"2024-10-18T17:26:12","slug":"renovacao-de-matricula-dos-cursos-tecnicos-integrados","status":"publish","type":"post","link":"https:\/\/www.ifbaiano.edu.br\/unidades\/valenca\/2024\/10\/18\/renovacao-de-matricula-dos-cursos-tecnicos-integrados\/","title":{"rendered":"Renova\u00e7\u00e3o de matr\u00edcula dos Cursos T\u00e9cnicos Integrados"},"content":{"rendered":"\n<p>A renova\u00e7\u00e3o deve ocorrer no SUAP de 18 a 20 de outubro de 2024<\/p>\n\n\n\n<p>O Diretor-Geral do Instituto Federal de Educa\u00e7\u00e3o, Ci\u00eancia e Tecnologia Baiano, Campus Valen\u00e7a, nomeado sobPortaria N\u00ba 286, de 18\/03\/2022, no D.O.U. de 21\/03\/2022, de acordo com as disposi\u00e7\u00f5es da legisla\u00e7\u00e3o emvigor, FAZ SABER, atrav\u00e9s deste Edital, as condi\u00e7\u00f5es para Renova\u00e7\u00e3o de Matr\u00edcula para o per\u00edodo letivo de2024.1 para os(as) discentes dos cursos integrados na modalidade presencial do Campus de Valen\u00e7a, seguindo as informa\u00e7\u00f5es abaixo e em conson\u00e2ncia com o que rege a Organiza\u00e7\u00e3o Did\u00e1tica dos Cursosda Educa\u00e7\u00e3o Profissional T\u00e9cnica de N\u00edvel M\u00e9dio do IF Baiano vigente.<\/p>\n\n\n\n<p><\/p>\n\n\n\n<p>Acesse o edital:<\/p>\n\n\n\n<div class=\"wp-block-file\"><a id=\"wp-block-file--media-2841fd91-ab7d-4d6b-8f92-4852e40cc8c6\" href=\"https:\/\/www.ifbaiano.edu.br\/unidades\/valenca\/files\/2024\/10\/RENOVACAO-DE-MATRICULA-\u2013-CURSOS-INTEGRADOS-\u2013-TECNICO-EM-AGROPECUARIA-E-TECNICO-EM.pdf\">RENOVACAO-DE-MATRICULA-\u2013-CURSOS-INTEGRADOS-\u2013-TECNICO-EM-AGROPECUARIA-E-TECNICO-EM<\/a><\/div>\n\n\n\n<p><\/p>\n\n\n\n<p><\/p>\n","protected":false},"excerpt":{"rendered":"<p>A renova\u00e7\u00e3o deve ocorrer no SUAP de 18 a 20 de outubro de 2024 O Diretor-Geral do Instituto Federal de Educa\u00e7\u00e3o, Ci\u00eancia e Tecnologia Baiano, Campus Valen\u00e7a, nomeado sobPortaria N\u00ba 286, de 18\/03\/2022, no D.O.U. de 21\/03\/2022, de acordo com as disposi\u00e7\u00f5es da legisla\u00e7\u00e3o emvigor, FAZ SABER, atrav\u00e9s deste Edital, as condi\u00e7\u00f5es para Renova\u00e7\u00e3o de [&hellip;]<\/p>\n","protected":false},"author":171,"featured_media":0,"comment_status":"open","ping_status":"open","sticky":false,"template":"","format":"standard","meta":[],"categories":[63],"tags":[],"_links":{"self":[{"href":"https:\/\/www.ifbaiano.edu.br\/unidades\/valenca\/wp-json\/wp\/v2\/posts\/9935"}],"collection":[{"href":"https:\/\/www.ifbaiano.edu.br\/unidades\/valenca\/wp-json\/wp\/v2\/posts"}],"about":[{"href":"https:\/\/www.ifbaiano.edu.br\/unidades\/valenca\/wp-json\/wp\/v2\/types\/post"}],"author":[{"embeddable":true,"href":"https:\/\/www.ifbaiano.edu.br\/unidades\/valenca\/wp-json\/wp\/v2\/users\/171"}],"replies":[{"embeddable":true,"href":"https:\/\/www.ifbaiano.edu.br\/unidades\/valenca\/wp-json\/wp\/v2\/comments?post=9935"}],"version-history":[{"count":1,"href":"https:\/\/www.ifbaiano.edu.br\/unidades\/valenca\/wp-json\/wp\/v2\/posts\/9935\/revisions"}],"predecessor-version":[{"id":9937,"href":"https:\/\/www.ifbaiano.edu.br\/unidades\/valenca\/wp-json\/wp\/v2\/posts\/9935\/revisions\/9937"}],"wp:attachment":[{"href":"https:\/\/www.ifbaiano.edu.br\/unidades\/valenca\/wp-json\/wp\/v2\/media?parent=9935"}],"wp:term":[{"taxonomy":"category","embeddable":true,"href":"https:\/\/www.ifbaiano.edu.br\/unidades\/valenca\/wp-json\/wp\/v2\/categories?post=9935"},{"taxonomy":"post_tag","embeddable":true,"href":"https:\/\/www.ifbaiano.edu.br\/unidades\/valenca\/wp-json\/wp\/v2\/tags?post=9935"}],"curies":[{"name":"wp","href":"https:\/\/api.w.org\/{rel}","templated":true}]}}