{"id":9942,"date":"2024-10-21T15:51:49","date_gmt":"2024-10-21T18:51:49","guid":{"rendered":"https:\/\/www.ifbaiano.edu.br\/unidades\/valenca\/?p=9942"},"modified":"2024-10-21T15:52:25","modified_gmt":"2024-10-21T18:52:25","slug":"estudante-do-if-baiano-valenca-conquista-a-medalha-de-prata-nas-olimpiadas-de-filosofia","status":"publish","type":"post","link":"https:\/\/www.ifbaiano.edu.br\/unidades\/valenca\/2024\/10\/21\/estudante-do-if-baiano-valenca-conquista-a-medalha-de-prata-nas-olimpiadas-de-filosofia\/","title":{"rendered":"Estudante do IF Baiano Valen\u00e7a conquista a medalha de prata nas Olimp\u00edadas de Filosofia"},"content":{"rendered":"\n<p>David Oliveira, do 3\u00ba ano do Curso T\u00e9cnico Integrado em Agropecu\u00e1ria, ficou em 2\u00ba lugar na final nacional da I Olimp\u00edada Nacional de Filosofia e est\u00e1 classificado para a etapa internacional<\/p>\n\n\n\n<figure class=\"wp-block-image size-full is-resized\"><a href=\"https:\/\/www.ifbaiano.edu.br\/unidades\/valenca\/files\/2024\/10\/2.png\"><img decoding=\"async\" loading=\"lazy\" src=\"https:\/\/www.ifbaiano.edu.br\/unidades\/valenca\/files\/2024\/10\/2.png\" alt=\"\" class=\"wp-image-9943\" width=\"355\" height=\"444\" \/><\/a><\/figure>\n\n\n\n<p>A I Olimp\u00edada Nacional de Filosofia (ONFIL) \u00e9 um concurso de ensaios filos\u00f3ficos escritos em l\u00edngua portuguesa que foi fundada em 2024 com apoio do MCTI\/CNPq.  O Estudante do IF Baiano Valen\u00e7a, David Oliveira, conquistou a medalha de prata na Etapa regional, realizada no dia 28 de junho em todas as unidades da Federa\u00e7\u00e3o, e conquistou o segundo lugar na Final Nacional, realizada entre os dias 17 e 20 de outubro, na Universidade Federal de Santa Maria, no Rio Grande do Sul.<\/p>\n\n\n\n<p>O professor de filosofia do campus Valen\u00e7a, Adelson Vieira, que acompanhou o estudante na etapa nacional, foi o grande incentivador das suas turmas para fazerem as inscri\u00e7\u00f5es na ONFIL. Al\u00e9m de David Oliveira, Bianca Marjory, tamb\u00e9m estudante do curso de Agropecu\u00e1ria, se classificou para a seletiva nacional para a 33\u00aa IPO (Internacional Philosoph Olympiad).<\/p>\n\n\n\n<figure class=\"wp-block-image size-full is-resized\"><a href=\"https:\/\/www.ifbaiano.edu.br\/unidades\/valenca\/files\/2024\/10\/1.png\"><img decoding=\"async\" loading=\"lazy\" src=\"https:\/\/www.ifbaiano.edu.br\/unidades\/valenca\/files\/2024\/10\/1.png\" alt=\"\" class=\"wp-image-9944\" width=\"357\" height=\"447\" \/><\/a><figcaption class=\"wp-element-caption\">Bianca Marjory, professor Adelson Vieira e David Oliveira<\/figcaption><\/figure>\n\n\n\n<p>Para o estudante David Oliveira, a ONFIL \u00e9 um incentivo muito importante para que jovens possam se interessar pela filosofia. Al\u00e9m das provas, a organiza\u00e7\u00e3o promoveu palestras, debates e discuss\u00f5es sobre tem\u00e1ticas contempor\u00e2neas. <\/p>\n\n\n\n<figure class=\"wp-block-gallery has-nested-images columns-default is-cropped wp-block-gallery-1 is-layout-flex\">\n<figure class=\"wp-block-image size-large\"><a href=\"https:\/\/www.ifbaiano.edu.br\/unidades\/valenca\/files\/2024\/10\/WhatsApp-Image-2024-10-21-at-14.58.412.jpeg\"><img decoding=\"async\" loading=\"lazy\" width=\"1600\" height=\"1204\" data-id=\"9947\"  src=\"https:\/\/www.ifbaiano.edu.br\/unidades\/valenca\/files\/2024\/10\/WhatsApp-Image-2024-10-21-at-14.58.412.jpeg\" alt=\"\" class=\"wp-image-9947\" \/><\/a><\/figure>\n\n\n\n<figure class=\"wp-block-image size-large\"><a href=\"https:\/\/www.ifbaiano.edu.br\/unidades\/valenca\/files\/2024\/10\/WhatsApp-Image-2024-10-21-at-14.58.415.jpeg\"><img decoding=\"async\" loading=\"lazy\" width=\"963\" height=\"1280\" data-id=\"9949\"  src=\"https:\/\/www.ifbaiano.edu.br\/unidades\/valenca\/files\/2024\/10\/WhatsApp-Image-2024-10-21-at-14.58.415.jpeg\" alt=\"\" class=\"wp-image-9949\" \/><\/a><\/figure>\n\n\n\n<figure class=\"wp-block-image size-large\"><a href=\"https:\/\/www.ifbaiano.edu.br\/unidades\/valenca\/files\/2024\/10\/WhatsApp-Image-2024-10-21-at-14.58.428.jpeg\"><img decoding=\"async\" loading=\"lazy\" width=\"1600\" height=\"901\" data-id=\"9951\"  src=\"https:\/\/www.ifbaiano.edu.br\/unidades\/valenca\/files\/2024\/10\/WhatsApp-Image-2024-10-21-at-14.58.428.jpeg\" alt=\"\" class=\"wp-image-9951\" \/><\/a><\/figure>\n\n\n\n<figure class=\"wp-block-image size-large\"><a href=\"https:\/\/www.ifbaiano.edu.br\/unidades\/valenca\/files\/2024\/10\/WhatsApp-Image-2024-10-21-at-14.58.457.jpeg\"><img decoding=\"async\" loading=\"lazy\" width=\"1600\" height=\"1200\" data-id=\"9948\"  src=\"https:\/\/www.ifbaiano.edu.br\/unidades\/valenca\/files\/2024\/10\/WhatsApp-Image-2024-10-21-at-14.58.457.jpeg\" alt=\"\" class=\"wp-image-9948\" \/><\/a><\/figure>\n\n\n\n<figure class=\"wp-block-image size-large\"><a href=\"https:\/\/www.ifbaiano.edu.br\/unidades\/valenca\/files\/2024\/10\/WhatsApp-Image-2024-10-21-at-14.58.4122.jpeg\"><img decoding=\"async\" loading=\"lazy\" width=\"1600\" height=\"1200\" data-id=\"9950\"  src=\"https:\/\/www.ifbaiano.edu.br\/unidades\/valenca\/files\/2024\/10\/WhatsApp-Image-2024-10-21-at-14.58.4122.jpeg\" alt=\"\" class=\"wp-image-9950\" \/><\/a><\/figure>\n<\/figure>\n\n\n\n<p><strong>Bahia em destaque<\/strong><\/p>\n\n\n\n<p>As tr\u00eas medalhas da ONFIL foram conquistadas por estudantes baianos de Institutos Federais: Isak Barros de Morais Sampaio (medalha de ouro), do IFBA Jequi\u00e9, Lucas Barreto (medalha de bronze), do IFBA Cama\u00e7ari. Com a medalha de prata, o estudante David Oliveira foi classificado para a Olimp\u00edada Internacional de Filosofia. <\/p>\n\n\n\n<figure class=\"wp-block-image size-full is-resized\"><a href=\"https:\/\/www.ifbaiano.edu.br\/unidades\/valenca\/files\/2024\/10\/WhatsApp-Image-2024-10-21-at-14.58.45.jpeg\"><img decoding=\"async\" loading=\"lazy\" src=\"https:\/\/www.ifbaiano.edu.br\/unidades\/valenca\/files\/2024\/10\/WhatsApp-Image-2024-10-21-at-14.58.45.jpeg\" alt=\"\" class=\"wp-image-9946\" width=\"366\" height=\"364\" \/><\/a><figcaption class=\"wp-element-caption\">Isak Barros de Morais Sampaio (medalha de ouro), do IFBA Jequi\u00e9, David Oliveira (medalha de prata), do IF Baiano Valen\u00e7a, Lucas Barreto (medalha de bronze), do IFBA Cama\u00e7ari.<\/figcaption><\/figure>\n\n\n\n<figure class=\"wp-block-gallery has-nested-images columns-default is-cropped wp-block-gallery-3 is-layout-flex\"><\/figure>\n","protected":false},"excerpt":{"rendered":"<p>David Oliveira, do 3\u00ba ano do Curso T\u00e9cnico Integrado em Agropecu\u00e1ria, ficou em 2\u00ba lugar na final nacional da I Olimp\u00edada Nacional de Filosofia e est\u00e1 classificado para a etapa internacional A I Olimp\u00edada Nacional de Filosofia (ONFIL) \u00e9 um concurso de ensaios filos\u00f3ficos escritos em l\u00edngua portuguesa que foi fundada em 2024 com apoio [&hellip;]<\/p>\n","protected":false},"author":171,"featured_media":9943,"comment_status":"open","ping_status":"open","sticky":true,"template":"","format":"standard","meta":[],"categories":[5,61,25,63],"tags":[],"_links":{"self":[{"href":"https:\/\/www.ifbaiano.edu.br\/unidades\/valenca\/wp-json\/wp\/v2\/posts\/9942"}],"collection":[{"href":"https:\/\/www.ifbaiano.edu.br\/unidades\/valenca\/wp-json\/wp\/v2\/posts"}],"about":[{"href":"https:\/\/www.ifbaiano.edu.br\/unidades\/valenca\/wp-json\/wp\/v2\/types\/post"}],"author":[{"embeddable":true,"href":"https:\/\/www.ifbaiano.edu.br\/unidades\/valenca\/wp-json\/wp\/v2\/users\/171"}],"replies":[{"embeddable":true,"href":"https:\/\/www.ifbaiano.edu.br\/unidades\/valenca\/wp-json\/wp\/v2\/comments?post=9942"}],"version-history":[{"count":2,"href":"https:\/\/www.ifbaiano.edu.br\/unidades\/valenca\/wp-json\/wp\/v2\/posts\/9942\/revisions"}],"predecessor-version":[{"id":9953,"href":"https:\/\/www.ifbaiano.edu.br\/unidades\/valenca\/wp-json\/wp\/v2\/posts\/9942\/revisions\/9953"}],"wp:featuredmedia":[{"embeddable":true,"href":"https:\/\/www.ifbaiano.edu.br\/unidades\/valenca\/wp-json\/wp\/v2\/media\/9943"}],"wp:attachment":[{"href":"https:\/\/www.ifbaiano.edu.br\/unidades\/valenca\/wp-json\/wp\/v2\/media?parent=9942"}],"wp:term":[{"taxonomy":"category","embeddable":true,"href":"https:\/\/www.ifbaiano.edu.br\/unidades\/valenca\/wp-json\/wp\/v2\/categories?post=9942"},{"taxonomy":"post_tag","embeddable":true,"href":"https:\/\/www.ifbaiano.edu.br\/unidades\/valenca\/wp-json\/wp\/v2\/tags?post=9942"}],"curies":[{"name":"wp","href":"https:\/\/api.w.org\/{rel}","templated":true}]}}