{"id":9954,"date":"2024-10-21T16:39:11","date_gmt":"2024-10-21T19:39:11","guid":{"rendered":"https:\/\/www.ifbaiano.edu.br\/unidades\/valenca\/?p=9954"},"modified":"2024-10-21T16:39:12","modified_gmt":"2024-10-21T19:39:12","slug":"if-baiano-campus-valenca-oferta-180-vagas-em-cursos-de-nivel-medio-integrados-ao-tecnico","status":"publish","type":"post","link":"https:\/\/www.ifbaiano.edu.br\/unidades\/valenca\/2024\/10\/21\/if-baiano-campus-valenca-oferta-180-vagas-em-cursos-de-nivel-medio-integrados-ao-tecnico\/","title":{"rendered":"IF Baiano &#8211; Campus Valen\u00e7a oferta 180 vagas em cursos de n\u00edvel m\u00e9dio integrados ao t\u00e9cnico\u00a0"},"content":{"rendered":"\n<figure class=\"wp-block-table\"><table><tbody><tr><td>O IF Baiano campus Valen\u00e7a est\u00e1 ofertando 180 vagas para cursos t\u00e9cnicos integrados ao ensino m\u00e9dio gratuitos em Agropecu\u00e1ria e Agroecologia.<\/td><\/tr><\/tbody><\/table><\/figure>\n\n\n\n<figure class=\"wp-block-image size-full is-resized\"><a href=\"https:\/\/www.ifbaiano.edu.br\/unidades\/valenca\/files\/2024\/10\/Ingresso-2025-VALENCA2.jpg\"><img decoding=\"async\" loading=\"lazy\" src=\"https:\/\/www.ifbaiano.edu.br\/unidades\/valenca\/files\/2024\/10\/Ingresso-2025-VALENCA2.jpg\" alt=\"\" class=\"wp-image-9955\" width=\"425\" height=\"425\" \/><\/a><\/figure>\n\n\n\n<p><br>As inscri\u00e7\u00f5es tamb\u00e9m s\u00e3o gratuitas e ocorrem entre os dias 30 de setembro a 08 de novembro on-line, atrav\u00e9s de formul\u00e1rio a ser divulgado no <a rel=\"noreferrer noopener\" href=\"https:\/\/concurso.ifbaiano.edu.br\/portal\/ingresso-2025-integrado-valenca\/\" target=\"_blank\"><strong>site do Processo Seletivo<\/strong><\/a><strong>, <\/strong>ou presencialmente durante o prazo de inscri\u00e7\u00e3o no IF Baiano &#8211; Campus Valen\u00e7a, localizado na Rua Glic\u00e9rio Tavares, s\/n, Bairro Bate Quente, nos dias de segunda das 14h \u00e0s 17h, quartas das 9h \u00e0s 12h e nas quintas das 14h \u00e0s 17h.<\/p>\n\n\n\n<p>Confira a distribui\u00e7\u00e3o de vagas:<br><\/p>\n\n\n\n<p><strong>Agropecu\u00e1ria<\/strong> &#8211; 90 vagas&nbsp;<\/p>\n\n\n\n<p><strong>Agroecologia <\/strong>&#8211; 90 vagas&nbsp;<\/p>\n\n\n\n<p>Os cursos t\u00eam dura\u00e7\u00e3o m\u00ednima de tr\u00eas anos e s\u00e3o voltados para quem concluiu (ou ter\u00e1 conclu\u00eddo at\u00e9 a data da matr\u00edcula) o 9\u00ba ano do Ensino Fundamental e deseja se qualificar profissionalmente enquanto cursa o n\u00edvel m\u00e9dio. O candidato pode escolher duas op\u00e7\u00f5es de curso e ser\u00e1 convocado para a segunda op\u00e7\u00e3o somente se houver vaga remanescente ap\u00f3s a chamada dos candidatos classificados na primeira op\u00e7\u00e3o.<\/p>\n\n\n\n<p>A sele\u00e7\u00e3o ser\u00e1 baseada no c\u00e1lculo da M\u00e9dia Final, resultante das m\u00e9dias dos componentes curriculares de L\u00edngua Portuguesa, Matem\u00e1tica, Hist\u00f3ria, Ci\u00eancias e Geografia do 8\u00ba ano do Ensino Fundamental, conforme an\u00e1lise do hist\u00f3rico escolar anexado \u00e0 documenta\u00e7\u00e3o exigida pelo <a href=\"https:\/\/concurso.ifbaiano.edu.br\/portal\/ingresso-2025-integrado-valenca\/wp-content\/uploads\/sites\/1065\/2024\/09\/Edital-N.-15-2024_Integrado_Valenca_2025_atual.docx.pdf\" rel=\"noreferrer noopener\" target=\"_blank\"><strong>edital<\/strong><\/a><strong> <\/strong>que deve ser apresentada no ato da inscri\u00e7\u00e3o.<\/p>\n\n\n\n<p>A publica\u00e7\u00e3o do resultado final est\u00e1 prevista para 20 de dezembro de 2024, e a matr\u00edcula para janeiro de 2025.<\/p>\n\n\n\n<p>D\u00favidas sobre o processo seletivo dever\u00e3o ser encaminhadas para o e-mail da Comiss\u00e3o Local de Processo Seletivo: <a href=\"mailto:prosel.ingresso@valenca.ifbaiano.edu.br\" rel=\"noreferrer noopener\" target=\"_blank\">prosel.ingresso@valenca.ifbaiano.edu.br<\/a><\/p>\n\n\n\n<p>Acompanhe&nbsp; as atualiza\u00e7\u00f5es sobre o processo seletivo neste link: <a href=\"https:\/\/ifbaiano.edu.br\/portal\/ingresso-de-estudantes-2025\/\" rel=\"noreferrer noopener\" target=\"_blank\">https:\/\/ifbaiano.edu.br\/portal\/ingresso-de-estudantes-2025\/<\/a><\/p>\n\n\n\n<p><strong>Sobre o IF Baiano<\/strong><\/p>\n\n\n\n<p>O IF Baiano est\u00e1 em 14 munic\u00edpios da Bahia e \u00e9 reconhecido por oferecer uma educa\u00e7\u00e3o humana, integral e de qualidade, pautada nos eixos ensino, pesquisa e extens\u00e3o. Seus alunos t\u00eam conquistado excelente desempenho no Exame Nacional do Ensino M\u00e9dio e em olimp\u00edadas de conhecimento. Al\u00e9m disso, na institui\u00e7\u00e3o, eles t\u00eam acesso a atendimento em sa\u00fade com uma equipe multidisciplinar, assist\u00eancia estudantil, incentivo ao esporte e \u00e0s artes e uma \u00f3tima infraestrutura com laborat\u00f3rios equipados e tecnologia de ponta.<\/p>\n\n\n\n<p><strong>Informa\u00e7\u00f5es para a imprensa:&nbsp;<\/strong><\/p>\n\n\n\n<p>Diretoria de Comunica\u00e7\u00e3o do IF Baiano<br><a href=\"mailto:comunicacao@ifbaiano.edu.br\" rel=\"noreferrer noopener\" target=\"_blank\">comunicacao@ifbaiano.edu.br<\/a><\/p>\n\n\n\n<p>N\u00facleo de Comunica\u00e7\u00e3o &#8211; <em>Campus <\/em>Valen\u00e7a<\/p>\n\n\n\n<p>ascom@valenca.ifbaiano.edu.br<\/p>\n\n\n\n<p>quezia.lima@ifbaiano.edu.br<\/p>\n","protected":false},"excerpt":{"rendered":"<p>O IF Baiano campus Valen\u00e7a est\u00e1 ofertando 180 vagas para cursos t\u00e9cnicos integrados ao ensino m\u00e9dio gratuitos em Agropecu\u00e1ria e Agroecologia. As inscri\u00e7\u00f5es tamb\u00e9m s\u00e3o gratuitas e ocorrem entre os dias 30 de setembro a 08 de novembro on-line, atrav\u00e9s de formul\u00e1rio a ser divulgado no site do Processo Seletivo, ou presencialmente durante o prazo [&hellip;]<\/p>\n","protected":false},"author":171,"featured_media":9955,"comment_status":"open","ping_status":"open","sticky":false,"template":"","format":"standard","meta":[],"categories":[5,9,63],"tags":[],"_links":{"self":[{"href":"https:\/\/www.ifbaiano.edu.br\/unidades\/valenca\/wp-json\/wp\/v2\/posts\/9954"}],"collection":[{"href":"https:\/\/www.ifbaiano.edu.br\/unidades\/valenca\/wp-json\/wp\/v2\/posts"}],"about":[{"href":"https:\/\/www.ifbaiano.edu.br\/unidades\/valenca\/wp-json\/wp\/v2\/types\/post"}],"author":[{"embeddable":true,"href":"https:\/\/www.ifbaiano.edu.br\/unidades\/valenca\/wp-json\/wp\/v2\/users\/171"}],"replies":[{"embeddable":true,"href":"https:\/\/www.ifbaiano.edu.br\/unidades\/valenca\/wp-json\/wp\/v2\/comments?post=9954"}],"version-history":[{"count":1,"href":"https:\/\/www.ifbaiano.edu.br\/unidades\/valenca\/wp-json\/wp\/v2\/posts\/9954\/revisions"}],"predecessor-version":[{"id":9956,"href":"https:\/\/www.ifbaiano.edu.br\/unidades\/valenca\/wp-json\/wp\/v2\/posts\/9954\/revisions\/9956"}],"wp:featuredmedia":[{"embeddable":true,"href":"https:\/\/www.ifbaiano.edu.br\/unidades\/valenca\/wp-json\/wp\/v2\/media\/9955"}],"wp:attachment":[{"href":"https:\/\/www.ifbaiano.edu.br\/unidades\/valenca\/wp-json\/wp\/v2\/media?parent=9954"}],"wp:term":[{"taxonomy":"category","embeddable":true,"href":"https:\/\/www.ifbaiano.edu.br\/unidades\/valenca\/wp-json\/wp\/v2\/categories?post=9954"},{"taxonomy":"post_tag","embeddable":true,"href":"https:\/\/www.ifbaiano.edu.br\/unidades\/valenca\/wp-json\/wp\/v2\/tags?post=9954"}],"curies":[{"name":"wp","href":"https:\/\/api.w.org\/{rel}","templated":true}]}}