{"id":9960,"date":"2024-10-28T09:10:41","date_gmt":"2024-10-28T12:10:41","guid":{"rendered":"https:\/\/www.ifbaiano.edu.br\/unidades\/valenca\/?p=9960"},"modified":"2024-11-18T16:19:40","modified_gmt":"2024-11-18T19:19:40","slug":"campus-valenca-lanca-novo-edital-para-estagio-remunerado","status":"publish","type":"post","link":"https:\/\/www.ifbaiano.edu.br\/unidades\/valenca\/2024\/10\/28\/campus-valenca-lanca-novo-edital-para-estagio-remunerado\/","title":{"rendered":"Campus Valen\u00e7a lan\u00e7a novo edital para est\u00e1gio remunerado"},"content":{"rendered":"\n<p>As inscri\u00e7\u00f5es acontecer\u00e3o de 30 de outubro a 06 de novembro de 2024 e podem se inscrever estudantes de cursos de Biologia<\/p>\n\n\n\n<figure class=\"wp-block-image size-full\"><a href=\"https:\/\/www.ifbaiano.edu.br\/unidades\/valenca\/files\/2024\/10\/1000070228.png\"><img decoding=\"async\" loading=\"lazy\" width=\"1080\" height=\"1080\" src=\"https:\/\/www.ifbaiano.edu.br\/unidades\/valenca\/files\/2024\/10\/1000070228.png\" alt=\"\" class=\"wp-image-9962\" \/><\/a><\/figure>\n\n\n\n<p>O DIRETOR-GERAL DO INSTITUTO FEDERAL DE EDUCA\u00c7\u00c3O, CI\u00caNCIA E TECNOLOGIA BAIANO &#8211; CAMPUS VALEN\u00c7A , no uso da compet\u00eancia delegada pela Portaria de Pessoal N\u00ba 281, de 18de mar\u00e7o de 2022, do Reitor do Instuto Federal de Educa\u00e7\u00e3o, Ci\u00eancia e Tecnologia Baiano, publicada no Di\u00e1rio Oficial da Uni\u00e3o de 21 de mar\u00e7o de 2022, torna p\u00fablica a abertura de inscri\u00e7\u00f5esdesnadas \u00e0 sele\u00e7\u00e3o de estagi\u00e1rios, para atuarem no IF BAIANO &#8211; Campus Valen\u00e7a, nos termos da Lei N.\u00ba 11.788, de 28 de setembro de 2008 e Instru\u00e7\u00e3o Normava N.\u00ba 213, de 17 de dezembro de2019. O presente Edital disciplina os procedimentos da sele\u00e7\u00e3o de estagi\u00e1rios e estabelece suas regras e funcionamento, conforme disposi\u00e7\u00f5es a seguir.<\/p>\n\n\n\n<div class=\"wp-block-file\"><a id=\"wp-block-file--media-a137f30a-37a8-48c5-9f0d-63e1e32f670c\" href=\"https:\/\/www.ifbaiano.edu.br\/unidades\/valenca\/files\/2024\/11\/HOMOLOGACAO-DO-RESULTADO-FINAL-1.pdf\">HOMOLOGACAO-DO-RESULTADO-FINAL-1<\/a><\/div>\n\n\n\n<div class=\"wp-block-file\"><a id=\"wp-block-file--media-08c5be47-035f-474b-bcec-d76f54866310\" href=\"https:\/\/www.ifbaiano.edu.br\/unidades\/valenca\/files\/2024\/11\/ResultadoPreliminarSelecaoEstagio-1.pdf\">ResultadoPreliminarSelecaoEstagio-1<\/a><\/div>\n\n\n\n<div class=\"wp-block-file\"><a id=\"wp-block-file--media-90188a23-1e50-4672-adf4-6b3b0c10adf1\" href=\"https:\/\/www.ifbaiano.edu.br\/unidades\/valenca\/files\/2024\/11\/AGENDAMENTO-DE-ENTREVISTAS-1.pdf\">AGENDAMENTO-DE-ENTREVISTAS-1<\/a><\/div>\n\n\n\n<div class=\"wp-block-file\"><a id=\"wp-block-file--media-ead876dd-d896-401f-8c5b-f6bc51095c81\" href=\"https:\/\/www.ifbaiano.edu.br\/unidades\/valenca\/files\/2024\/11\/Homologacao-das-inscricoes.pdf\">Homologacao-das-inscricoes<\/a><\/div>\n\n\n\n<div class=\"wp-block-file\"><a id=\"wp-block-file--media-84e40147-1a72-4648-b357-abe939c3eb1b\" href=\"https:\/\/www.ifbaiano.edu.br\/unidades\/valenca\/files\/2024\/11\/PROCESSO-SELETIVO-PARA-CONTRATACAO-DE-ESTAGIARIOS-DE-NIVEL-SUPERIOR-BIOLOGIA.pdf\">PROCESSO-SELETIVO-PARA-CONTRATACAO-DE-ESTAGIARIOS-DE-NIVEL-SUPERIOR-BIOLOGIA<\/a><\/div>\n\n\n\n<div class=\"wp-block-file\"><a id=\"wp-block-file--media-44121860-db47-48bd-80dd-5e742052989e\" href=\"https:\/\/www.ifbaiano.edu.br\/unidades\/valenca\/files\/2024\/10\/Edital-de-estagio-Biologia.pdf\">Edital-de-estagio-Biologia<\/a><\/div>\n\n\n\n<div class=\"wp-block-file\"><object class=\"wp-block-file__embed\" data=\"https:\/\/www.ifbaiano.edu.br\/unidades\/valenca\/files\/2024\/11\/ResultadoPreliminarSelecaoEstagio.pdf\" type=\"application\/pdf\" style=\"width:100%;height:600px\" aria-label=\"Incorporar PDF\"><\/object><a href=\"https:\/\/www.ifbaiano.edu.br\/unidades\/valenca\/files\/2024\/11\/ResultadoPreliminarSelecaoEstagio.pdf\" class=\"wp-block-file__button wp-element-button\" download>Baixar<\/a><\/div>\n","protected":false},"excerpt":{"rendered":"<p>As inscri\u00e7\u00f5es acontecer\u00e3o de 30 de outubro a 06 de novembro de 2024 e podem se inscrever estudantes de cursos de Biologia O DIRETOR-GERAL DO INSTITUTO FEDERAL DE EDUCA\u00c7\u00c3O, CI\u00caNCIA E TECNOLOGIA BAIANO &#8211; CAMPUS VALEN\u00c7A , no uso da compet\u00eancia delegada pela Portaria de Pessoal N\u00ba 281, de 18de mar\u00e7o de 2022, do Reitor [&hellip;]<\/p>\n","protected":false},"author":171,"featured_media":9962,"comment_status":"open","ping_status":"open","sticky":false,"template":"","format":"standard","meta":[],"categories":[5,63],"tags":[],"_links":{"self":[{"href":"https:\/\/www.ifbaiano.edu.br\/unidades\/valenca\/wp-json\/wp\/v2\/posts\/9960"}],"collection":[{"href":"https:\/\/www.ifbaiano.edu.br\/unidades\/valenca\/wp-json\/wp\/v2\/posts"}],"about":[{"href":"https:\/\/www.ifbaiano.edu.br\/unidades\/valenca\/wp-json\/wp\/v2\/types\/post"}],"author":[{"embeddable":true,"href":"https:\/\/www.ifbaiano.edu.br\/unidades\/valenca\/wp-json\/wp\/v2\/users\/171"}],"replies":[{"embeddable":true,"href":"https:\/\/www.ifbaiano.edu.br\/unidades\/valenca\/wp-json\/wp\/v2\/comments?post=9960"}],"version-history":[{"count":6,"href":"https:\/\/www.ifbaiano.edu.br\/unidades\/valenca\/wp-json\/wp\/v2\/posts\/9960\/revisions"}],"predecessor-version":[{"id":9998,"href":"https:\/\/www.ifbaiano.edu.br\/unidades\/valenca\/wp-json\/wp\/v2\/posts\/9960\/revisions\/9998"}],"wp:featuredmedia":[{"embeddable":true,"href":"https:\/\/www.ifbaiano.edu.br\/unidades\/valenca\/wp-json\/wp\/v2\/media\/9962"}],"wp:attachment":[{"href":"https:\/\/www.ifbaiano.edu.br\/unidades\/valenca\/wp-json\/wp\/v2\/media?parent=9960"}],"wp:term":[{"taxonomy":"category","embeddable":true,"href":"https:\/\/www.ifbaiano.edu.br\/unidades\/valenca\/wp-json\/wp\/v2\/categories?post=9960"},{"taxonomy":"post_tag","embeddable":true,"href":"https:\/\/www.ifbaiano.edu.br\/unidades\/valenca\/wp-json\/wp\/v2\/tags?post=9960"}],"curies":[{"name":"wp","href":"https:\/\/api.w.org\/{rel}","templated":true}]}}