{"id":9966,"date":"2024-10-30T14:56:22","date_gmt":"2024-10-30T17:56:22","guid":{"rendered":"https:\/\/www.ifbaiano.edu.br\/unidades\/valenca\/?p=9966"},"modified":"2024-11-27T18:03:24","modified_gmt":"2024-11-27T21:03:24","slug":"campus-valenca-lanca-edital-de-monitoria-para-curso-integrados-e-graduacao","status":"publish","type":"post","link":"https:\/\/www.ifbaiano.edu.br\/unidades\/valenca\/2024\/10\/30\/campus-valenca-lanca-edital-de-monitoria-para-curso-integrados-e-graduacao\/","title":{"rendered":"Campus Valen\u00e7a lan\u00e7a edital de monitoria para cursos integrados, subsequente e gradua\u00e7\u00e3o"},"content":{"rendered":"\n<p>As inscri\u00e7\u00f5es s\u00e3o presenciais e v\u00e3o do dia 30\/10 a 7\/11, na Coordena\u00e7\u00e3o Geral de Ensino<\/p>\n\n\n\n<figure class=\"wp-block-image size-full\"><a href=\"https:\/\/www.ifbaiano.edu.br\/unidades\/valenca\/files\/2024\/10\/Copia-de-monitoria-1080-x-1350-px_20241030_144313_0000.png\"><img decoding=\"async\" loading=\"lazy\" width=\"1080\" height=\"1350\" src=\"https:\/\/www.ifbaiano.edu.br\/unidades\/valenca\/files\/2024\/10\/Copia-de-monitoria-1080-x-1350-px_20241030_144313_0000.png\" alt=\"\" class=\"wp-image-9967\" \/><\/a><\/figure>\n\n\n\n<p>O INSTITUTO FEDERAL DE EDUCA\u00c7\u00c3O, CI\u00caNCIA E TECNOLOGIA BAIANO, CAMPUS VALEN\u00c7A, por interm\u00e9dio do seu Diretor-Geral, Geovane Lima Guimar\u00e3es, conforme lhe confere a portaria n\u00ba 453 de 19 de mar\u00e7o de 2018, publicada no DOU de 20 de mar\u00e7o de 2018 combinado com o que disp\u00f5e a lei 8.112\/90, de acordo com as disposi\u00e7\u00f5es legais em vigor, torna p\u00fablica a abertura das inscri\u00e7\u00f5es do Processo Seletivo para Concess\u00e3o de Bolsas de Monitoria para os Cursos da Educa\u00e7\u00e3o Profissional T\u00e9cnica de N\u00edvel M\u00e9dio e de Gradua\u00e7\u00e3o.<\/p>\n\n\n\n<p>S\u00e3os vagas ofertadas com bolsa de 300,00 mensais.  Confira abaixo o quadro de distribui\u00e7\u00e3o das disciplinas:<\/p>\n\n\n\n<figure class=\"wp-block-image size-full is-resized\"><a href=\"https:\/\/www.ifbaiano.edu.br\/unidades\/valenca\/files\/2024\/10\/Screenshot_20241030_145145_Samsung-Notes.jpg\"><img decoding=\"async\" loading=\"lazy\" src=\"https:\/\/www.ifbaiano.edu.br\/unidades\/valenca\/files\/2024\/10\/Screenshot_20241030_145145_Samsung-Notes.jpg\" alt=\"\" class=\"wp-image-9968\" width=\"368\" height=\"244\" \/><\/a><\/figure>\n\n\n\n<div class=\"wp-block-file\"><a id=\"wp-block-file--media-6e657733-a4c8-42a2-a39f-e594c6d6ef8f\" href=\"https:\/\/www.ifbaiano.edu.br\/unidades\/valenca\/files\/2024\/11\/Resultado-Final-Monitoria.pdf\">Resultado-Final-Monitoria<\/a><\/div>\n\n\n\n<div class=\"wp-block-file\"><a id=\"wp-block-file--media-f5e3eb5b-afe3-43cb-b898-004048679258\" href=\"https:\/\/www.ifbaiano.edu.br\/unidades\/valenca\/files\/2024\/11\/Resultado_preliminar_monitoria.pdf\">Resultado_preliminar_monitoria<\/a><\/div>\n\n\n\n<div class=\"wp-block-file\"><a id=\"wp-block-file--media-9b217829-502a-4985-bc6c-a7cd9f3010b2\" href=\"https:\/\/www.ifbaiano.edu.br\/unidades\/valenca\/files\/2024\/11\/Convocacao-Entrevista-Monitoria.pdf\">Convocacao-Entrevista-Monitoria<\/a><\/div>\n\n\n\n<div class=\"wp-block-file\"><a id=\"wp-block-file--media-72c7da41-a881-4c5f-bb8f-77799215a830\" href=\"https:\/\/www.ifbaiano.edu.br\/unidades\/valenca\/files\/2024\/11\/Resultado-dos-Recursos-apos-a-homologacao-das-Inscricoes.pdf\"><br>Resultado-dos-Recursos-apos-a-homologacao-das-Inscricoes<\/a><\/div>\n\n\n\n<div class=\"wp-block-file\"><a id=\"wp-block-file--media-c2b41047-314c-415f-be35-2210ae444433\" href=\"https:\/\/www.ifbaiano.edu.br\/unidades\/valenca\/files\/2024\/10\/Edital-de-Monitoria_Campus_Valenca_assinado.pdf\">Edital-de-Monitoria_Campus_Valenca_assinado<\/a><\/div>\n\n\n\n<div class=\"wp-block-file\"><a id=\"wp-block-file--media-4f029ded-5c68-4865-82e2-414f551f2404\" href=\"https:\/\/www.ifbaiano.edu.br\/unidades\/valenca\/files\/2024\/11\/EDITAL-No-23-DE-24-DE-OUTUBRO-DE-2024_HOMOLOGACAO-DAS-INSCRICOES.pdf\">EDITAL-No-23-DE-24-DE-OUTUBRO-DE-2024_HOMOLOGACAO-DAS-INSCRICOES<br><br> <br><br><\/a><\/div>\n","protected":false},"excerpt":{"rendered":"<p>As inscri\u00e7\u00f5es s\u00e3o presenciais e v\u00e3o do dia 30\/10 a 7\/11, na Coordena\u00e7\u00e3o Geral de Ensino O INSTITUTO FEDERAL DE EDUCA\u00c7\u00c3O, CI\u00caNCIA E TECNOLOGIA BAIANO, CAMPUS VALEN\u00c7A, por interm\u00e9dio do seu Diretor-Geral, Geovane Lima Guimar\u00e3es, conforme lhe confere a portaria n\u00ba 453 de 19 de mar\u00e7o de 2018, publicada no DOU de 20 de mar\u00e7o [&hellip;]<\/p>\n","protected":false},"author":171,"featured_media":9967,"comment_status":"open","ping_status":"open","sticky":true,"template":"","format":"standard","meta":[],"categories":[5,32],"tags":[64,247],"_links":{"self":[{"href":"https:\/\/www.ifbaiano.edu.br\/unidades\/valenca\/wp-json\/wp\/v2\/posts\/9966"}],"collection":[{"href":"https:\/\/www.ifbaiano.edu.br\/unidades\/valenca\/wp-json\/wp\/v2\/posts"}],"about":[{"href":"https:\/\/www.ifbaiano.edu.br\/unidades\/valenca\/wp-json\/wp\/v2\/types\/post"}],"author":[{"embeddable":true,"href":"https:\/\/www.ifbaiano.edu.br\/unidades\/valenca\/wp-json\/wp\/v2\/users\/171"}],"replies":[{"embeddable":true,"href":"https:\/\/www.ifbaiano.edu.br\/unidades\/valenca\/wp-json\/wp\/v2\/comments?post=9966"}],"version-history":[{"count":7,"href":"https:\/\/www.ifbaiano.edu.br\/unidades\/valenca\/wp-json\/wp\/v2\/posts\/9966\/revisions"}],"predecessor-version":[{"id":10003,"href":"https:\/\/www.ifbaiano.edu.br\/unidades\/valenca\/wp-json\/wp\/v2\/posts\/9966\/revisions\/10003"}],"wp:featuredmedia":[{"embeddable":true,"href":"https:\/\/www.ifbaiano.edu.br\/unidades\/valenca\/wp-json\/wp\/v2\/media\/9967"}],"wp:attachment":[{"href":"https:\/\/www.ifbaiano.edu.br\/unidades\/valenca\/wp-json\/wp\/v2\/media?parent=9966"}],"wp:term":[{"taxonomy":"category","embeddable":true,"href":"https:\/\/www.ifbaiano.edu.br\/unidades\/valenca\/wp-json\/wp\/v2\/categories?post=9966"},{"taxonomy":"post_tag","embeddable":true,"href":"https:\/\/www.ifbaiano.edu.br\/unidades\/valenca\/wp-json\/wp\/v2\/tags?post=9966"}],"curies":[{"name":"wp","href":"https:\/\/api.w.org\/{rel}","templated":true}]}}